{"id":2024,"date":"2025-02-01T12:20:33","date_gmt":"2025-02-01T11:20:33","guid":{"rendered":"https:\/\/agora.xtec.cat\/iesicilia\/?p=2024"},"modified":"2025-02-01T15:55:32","modified_gmt":"2025-02-01T14:55:32","slug":"i-concurs-de-fotografia-matematica-6e-prim","status":"publish","type":"post","link":"https:\/\/agora.xtec.cat\/iesicilia\/general\/i-concurs-de-fotografia-matematica-6e-prim\/","title":{"rendered":"I Concurs de Fotografia matem\u00e0tica 6\u00e8 Prim"},"content":{"rendered":"<p><iframe loading=\"lazy\" title=\"Concurs fotrografic 1\" src=\"https:\/\/www.youtube.com\/embed\/xjxJxCm6kRA\" width=\"1424\" height=\"646\" frameborder=\"0\" allowfullscreen=\"allowfullscreen\"><\/iframe><\/p>\n<p style=\"text-align: justify;\">A l\u2019Institut Escola Sic\u00edlia apostem per una educaci\u00f3 integral que fomenti la creativitat, l\u2019observaci\u00f3 i l\u2019aplicaci\u00f3 pr\u00e0ctica dels coneixements adquirits a l\u2019aula. En aquest context, estem orgullosos de presentar la primera edici\u00f3 del Concurs de Fotografia Matem\u00e0tica per a l\u2019alumnat de 6\u00e8 de Prim\u00e0ria, una iniciativa que combina art i ci\u00e8ncia per fer que les matem\u00e0tiques siguin presents en el nostre dia a dia.<br \/>\nAmb aquesta activitat, volem promoure una mirada diferent envers les matem\u00e0tiques, animant els nens i nenes a descobrir patrons, formes geom\u00e8triques i relacions num\u00e8riques al seu entorn quotidi\u00e0. Aquesta proposta permet entendre les matem\u00e0tiques no nom\u00e9s com una disciplina acad\u00e8mica, sin\u00f3 tamb\u00e9 com una eina per interpretar i gaudir del m\u00f3n que ens envolta.<br \/>\nAmb el Concurs de Fotografia Matem\u00e0tica, volem transmetre que les matem\u00e0tiques no tenen l\u00edmits i que poden ser tan sorprenents i belles com qualsevol obra d\u2019art.<br \/>\nFelicitem els tres alumnes guanyadors!<br \/>\nGr\u00e0cies a tot l\u2019alumnat per fer-ho possible!<\/p>\n","protected":false},"excerpt":{"rendered":"<p>A l\u2019Institut Escola Sic\u00edlia apostem per una educaci\u00f3 integral que fomenti la creativitat, l\u2019observaci\u00f3 i l\u2019aplicaci\u00f3 pr\u00e0ctica dels coneixements adquirits a l\u2019aula. En aquest context, estem orgullosos de presentar la primera edici\u00f3 del Concurs de Fotografia Matem\u00e0tica per a l\u2019alumnat de 6\u00e8 de Prim\u00e0ria, una iniciativa que combina art i ci\u00e8ncia per fer que les [&hellip;]<\/p>\n","protected":false},"author":1,"featured_media":2043,"comment_status":"open","ping_status":"closed","sticky":false,"template":"","format":"standard","meta":{"_bbp_topic_count":0,"_bbp_reply_count":0,"_bbp_total_topic_count":0,"_bbp_total_reply_count":0,"_bbp_voice_count":0,"_bbp_anonymous_reply_count":0,"_bbp_topic_count_hidden":0,"_bbp_reply_count_hidden":0,"_bbp_forum_subforum_count":0,"site-sidebar-layout":"default","site-content-layout":"","ast-site-content-layout":"","site-content-style":"default","site-sidebar-style":"default","ast-global-header-display":"","ast-banner-title-visibility":"","ast-main-header-display":"","ast-hfb-above-header-display":"","ast-hfb-below-header-display":"","ast-hfb-mobile-header-display":"","site-post-title":"","ast-breadcrumbs-content":"","ast-featured-img":"","footer-sml-layout":"","theme-transparent-header-meta":"","adv-header-id-meta":"","stick-header-meta":"","header-above-stick-meta":"","header-main-stick-meta":"","header-below-stick-meta":"","astra-migrate-meta-layouts":"default","ast-page-background-enabled":"default","ast-page-background-meta":{"desktop":{"background-color":"var(--ast-global-color-4)","background-image":"","background-repeat":"repeat","background-position":"center center","background-size":"auto","background-attachment":"scroll","background-type":"","background-media":"","overlay-type":"","overlay-color":"","overlay-opacity":"","overlay-gradient":""},"tablet":{"background-color":"","background-image":"","background-repeat":"repeat","background-position":"center center","background-size":"auto","background-attachment":"scroll","background-type":"","background-media":"","overlay-type":"","overlay-color":"","overlay-opacity":"","overlay-gradient":""},"mobile":{"background-color":"","background-image":"","background-repeat":"repeat","background-position":"center center","background-size":"auto","background-attachment":"scroll","background-type":"","background-media":"","overlay-type":"","overlay-color":"","overlay-opacity":"","overlay-gradient":""}},"ast-content-background-meta":{"desktop":{"background-color":"var(--ast-global-color-5)","background-image":"","background-repeat":"repeat","background-position":"center center","background-size":"auto","background-attachment":"scroll","background-type":"","background-media":"","overlay-type":"","overlay-color":"","overlay-opacity":"","overlay-gradient":""},"tablet":{"background-color":"var(--ast-global-color-5)","background-image":"","background-repeat":"repeat","background-position":"center center","background-size":"auto","background-attachment":"scroll","background-type":"","background-media":"","overlay-type":"","overlay-color":"","overlay-opacity":"","overlay-gradient":""},"mobile":{"background-color":"var(--ast-global-color-5)","background-image":"","background-repeat":"repeat","background-position":"center center","background-size":"auto","background-attachment":"scroll","background-type":"","background-media":"","overlay-type":"","overlay-color":"","overlay-opacity":"","overlay-gradient":""}},"footnotes":""},"categories":[1,29,30],"tags":[],"class_list":["post-2024","post","type-post","status-publish","format-standard","has-post-thumbnail","hentry","category-general","category-portada","category-prim"],"post_mailing_queue_ids":[],"_links":{"self":[{"href":"https:\/\/agora.xtec.cat\/iesicilia\/wp-json\/wp\/v2\/posts\/2024","targetHints":{"allow":["GET"]}}],"collection":[{"href":"https:\/\/agora.xtec.cat\/iesicilia\/wp-json\/wp\/v2\/posts"}],"about":[{"href":"https:\/\/agora.xtec.cat\/iesicilia\/wp-json\/wp\/v2\/types\/post"}],"author":[{"embeddable":true,"href":"https:\/\/agora.xtec.cat\/iesicilia\/wp-json\/wp\/v2\/users\/1"}],"replies":[{"embeddable":true,"href":"https:\/\/agora.xtec.cat\/iesicilia\/wp-json\/wp\/v2\/comments?post=2024"}],"version-history":[{"count":6,"href":"https:\/\/agora.xtec.cat\/iesicilia\/wp-json\/wp\/v2\/posts\/2024\/revisions"}],"predecessor-version":[{"id":2068,"href":"https:\/\/agora.xtec.cat\/iesicilia\/wp-json\/wp\/v2\/posts\/2024\/revisions\/2068"}],"wp:featuredmedia":[{"embeddable":true,"href":"https:\/\/agora.xtec.cat\/iesicilia\/wp-json\/wp\/v2\/media\/2043"}],"wp:attachment":[{"href":"https:\/\/agora.xtec.cat\/iesicilia\/wp-json\/wp\/v2\/media?parent=2024"}],"wp:term":[{"taxonomy":"category","embeddable":true,"href":"https:\/\/agora.xtec.cat\/iesicilia\/wp-json\/wp\/v2\/categories?post=2024"},{"taxonomy":"post_tag","embeddable":true,"href":"https:\/\/agora.xtec.cat\/iesicilia\/wp-json\/wp\/v2\/tags?post=2024"}],"curies":[{"name":"wp","href":"https:\/\/api.w.org\/{rel}","templated":true}]}}