{"id":1973,"date":"2024-12-20T12:39:28","date_gmt":"2024-12-20T11:39:28","guid":{"rendered":"https:\/\/agora.xtec.cat\/iesicilia\/?p=1973"},"modified":"2024-12-20T12:58:26","modified_gmt":"2024-12-20T11:58:26","slug":"ii-concurs-familiar-nadala-2024","status":"publish","type":"post","link":"https:\/\/agora.xtec.cat\/iesicilia\/general\/ii-concurs-familiar-nadala-2024\/","title":{"rendered":"II concurs familiar Nadala 2024"},"content":{"rendered":"<p><span style=\"font-weight: 400;\">Una de les tradicions m\u00e9s arrelades en el m\u00f3n occidental s\u00f3n les festes de Nadal. D\u2019en\u00e7\u00e0 que els primers habitants d\u2019aquests indrets van aplegar-se al voltant d\u2019un \u00e0pat per celebrar un solstici d\u2019hivern fins a l\u2019actualitat en qu\u00e8 les fam\u00edlies comparteixen, no nom\u00e9s l&#8217;\u00e0pat sin\u00f3 tamb\u00e9 regals.\u00a0<\/span><\/p>\n<p><span style=\"font-weight: 400;\">Per a la canalla i la comunitat de l&#8217;IESic\u00edlia s\u00f3n tamb\u00e9 unes dates esperades, perqu\u00e8 les fam\u00edlies participen de la segona edici\u00f3 del concurs de Nadala. Enguany, un bon grapat de fam\u00edlies d\u2019Infantil, Prim\u00e0ria i de l\u2019ESO han enviat els seus dissenys per tal d\u2019endur-se un dels tres vals de regals que atorguem, que suposar\u00e0 indirectament una ajuda al m\u00f3n editorial valenci\u00e0 afectat per la DANA.\u00a0<\/span><\/p>\n<p><span style=\"font-weight: 400;\">A m\u00e9s, un dels dissenys seleccionats per la comissi\u00f3 de comunicaci\u00f3 del centre representar\u00e0 la imatge que acompanyar\u00e0 la felicitaci\u00f3 de Nadal 2024 de l\u2019IEScic\u00edlia amb qu\u00e8 volem desitjar a tothom Pau i transmetre un missatge d\u2019amor per l\u2019Educaci\u00f3.<\/span><\/p>\n<p><img loading=\"lazy\" decoding=\"async\" class=\" wp-image-1976 alignleft\" src=\"https:\/\/agora.xtec.cat\/iesicilia\/wp-content\/uploads\/usu2573\/2024\/12\/IMG-20241213-WA0008-287x300.jpg\" alt=\"\" width=\"265\" height=\"277\" srcset=\"https:\/\/agora.xtec.cat\/iesicilia\/wp-content\/uploads\/usu2573\/2024\/12\/IMG-20241213-WA0008-287x300.jpg 287w, https:\/\/agora.xtec.cat\/iesicilia\/wp-content\/uploads\/usu2573\/2024\/12\/IMG-20241213-WA0008-981x1024.jpg 981w, https:\/\/agora.xtec.cat\/iesicilia\/wp-content\/uploads\/usu2573\/2024\/12\/IMG-20241213-WA0008-768x802.jpg 768w, https:\/\/agora.xtec.cat\/iesicilia\/wp-content\/uploads\/usu2573\/2024\/12\/IMG-20241213-WA0008-1472x1536.jpg 1472w, https:\/\/agora.xtec.cat\/iesicilia\/wp-content\/uploads\/usu2573\/2024\/12\/IMG-20241213-WA0008.jpg 1533w\" sizes=\"auto, (max-width: 265px) 100vw, 265px\" \/><img loading=\"lazy\" decoding=\"async\" class=\"wp-image-1975 alignleft\" src=\"https:\/\/agora.xtec.cat\/iesicilia\/wp-content\/uploads\/usu2573\/2024\/12\/IMG-20241213-WA0007-290x300.jpg\" alt=\"\" width=\"270\" height=\"279\" \/><img loading=\"lazy\" decoding=\"async\" class=\"wp-image-1974 alignleft\" src=\"https:\/\/agora.xtec.cat\/iesicilia\/wp-content\/uploads\/usu2573\/2024\/12\/IMG-20241213-WA0009-286x300.jpg\" alt=\"\" width=\"279\" height=\"292\" srcset=\"https:\/\/agora.xtec.cat\/iesicilia\/wp-content\/uploads\/usu2573\/2024\/12\/IMG-20241213-WA0009-286x300.jpg 286w, https:\/\/agora.xtec.cat\/iesicilia\/wp-content\/uploads\/usu2573\/2024\/12\/IMG-20241213-WA0009-977x1024.jpg 977w, https:\/\/agora.xtec.cat\/iesicilia\/wp-content\/uploads\/usu2573\/2024\/12\/IMG-20241213-WA0009-768x805.jpg 768w, https:\/\/agora.xtec.cat\/iesicilia\/wp-content\/uploads\/usu2573\/2024\/12\/IMG-20241213-WA0009-1465x1536.jpg 1465w, https:\/\/agora.xtec.cat\/iesicilia\/wp-content\/uploads\/usu2573\/2024\/12\/IMG-20241213-WA0009.jpg 1526w\" sizes=\"auto, (max-width: 279px) 100vw, 279px\" \/><\/p>\n","protected":false},"excerpt":{"rendered":"<p>Una de les tradicions m\u00e9s arrelades en el m\u00f3n occidental s\u00f3n les festes de Nadal. D\u2019en\u00e7\u00e0 que els primers habitants d\u2019aquests indrets van aplegar-se al voltant d\u2019un \u00e0pat per celebrar un solstici d\u2019hivern fins a l\u2019actualitat en qu\u00e8 les fam\u00edlies comparteixen, no nom\u00e9s l&#8217;\u00e0pat sin\u00f3 tamb\u00e9 regals.\u00a0 Per a la canalla i la comunitat de [&hellip;]<\/p>\n","protected":false},"author":1,"featured_media":1975,"comment_status":"open","ping_status":"closed","sticky":false,"template":"","format":"standard","meta":{"_bbp_topic_count":0,"_bbp_reply_count":0,"_bbp_total_topic_count":0,"_bbp_total_reply_count":0,"_bbp_voice_count":0,"_bbp_anonymous_reply_count":0,"_bbp_topic_count_hidden":0,"_bbp_reply_count_hidden":0,"_bbp_forum_subforum_count":0,"site-sidebar-layout":"default","site-content-layout":"","ast-site-content-layout":"","site-content-style":"default","site-sidebar-style":"default","ast-global-header-display":"","ast-banner-title-visibility":"","ast-main-header-display":"","ast-hfb-above-header-display":"","ast-hfb-below-header-display":"","ast-hfb-mobile-header-display":"","site-post-title":"","ast-breadcrumbs-content":"","ast-featured-img":"","footer-sml-layout":"","theme-transparent-header-meta":"","adv-header-id-meta":"","stick-header-meta":"","header-above-stick-meta":"","header-main-stick-meta":"","header-below-stick-meta":"","astra-migrate-meta-layouts":"default","ast-page-background-enabled":"default","ast-page-background-meta":{"desktop":{"background-color":"var(--ast-global-color-4)","background-image":"","background-repeat":"repeat","background-position":"center center","background-size":"auto","background-attachment":"scroll","background-type":"","background-media":"","overlay-type":"","overlay-color":"","overlay-opacity":"","overlay-gradient":""},"tablet":{"background-color":"","background-image":"","background-repeat":"repeat","background-position":"center center","background-size":"auto","background-attachment":"scroll","background-type":"","background-media":"","overlay-type":"","overlay-color":"","overlay-opacity":"","overlay-gradient":""},"mobile":{"background-color":"","background-image":"","background-repeat":"repeat","background-position":"center center","background-size":"auto","background-attachment":"scroll","background-type":"","background-media":"","overlay-type":"","overlay-color":"","overlay-opacity":"","overlay-gradient":""}},"ast-content-background-meta":{"desktop":{"background-color":"var(--ast-global-color-5)","background-image":"","background-repeat":"repeat","background-position":"center center","background-size":"auto","background-attachment":"scroll","background-type":"","background-media":"","overlay-type":"","overlay-color":"","overlay-opacity":"","overlay-gradient":""},"tablet":{"background-color":"var(--ast-global-color-5)","background-image":"","background-repeat":"repeat","background-position":"center center","background-size":"auto","background-attachment":"scroll","background-type":"","background-media":"","overlay-type":"","overlay-color":"","overlay-opacity":"","overlay-gradient":""},"mobile":{"background-color":"var(--ast-global-color-5)","background-image":"","background-repeat":"repeat","background-position":"center center","background-size":"auto","background-attachment":"scroll","background-type":"","background-media":"","overlay-type":"","overlay-color":"","overlay-opacity":"","overlay-gradient":""}},"footnotes":""},"categories":[1,29],"tags":[152,135,151],"class_list":["post-1973","post","type-post","status-publish","format-standard","has-post-thumbnail","hentry","category-general","category-portada","tag-concurs","tag-families","tag-nadal"],"post_mailing_queue_ids":[],"_links":{"self":[{"href":"https:\/\/agora.xtec.cat\/iesicilia\/wp-json\/wp\/v2\/posts\/1973","targetHints":{"allow":["GET"]}}],"collection":[{"href":"https:\/\/agora.xtec.cat\/iesicilia\/wp-json\/wp\/v2\/posts"}],"about":[{"href":"https:\/\/agora.xtec.cat\/iesicilia\/wp-json\/wp\/v2\/types\/post"}],"author":[{"embeddable":true,"href":"https:\/\/agora.xtec.cat\/iesicilia\/wp-json\/wp\/v2\/users\/1"}],"replies":[{"embeddable":true,"href":"https:\/\/agora.xtec.cat\/iesicilia\/wp-json\/wp\/v2\/comments?post=1973"}],"version-history":[{"count":5,"href":"https:\/\/agora.xtec.cat\/iesicilia\/wp-json\/wp\/v2\/posts\/1973\/revisions"}],"predecessor-version":[{"id":1988,"href":"https:\/\/agora.xtec.cat\/iesicilia\/wp-json\/wp\/v2\/posts\/1973\/revisions\/1988"}],"wp:featuredmedia":[{"embeddable":true,"href":"https:\/\/agora.xtec.cat\/iesicilia\/wp-json\/wp\/v2\/media\/1975"}],"wp:attachment":[{"href":"https:\/\/agora.xtec.cat\/iesicilia\/wp-json\/wp\/v2\/media?parent=1973"}],"wp:term":[{"taxonomy":"category","embeddable":true,"href":"https:\/\/agora.xtec.cat\/iesicilia\/wp-json\/wp\/v2\/categories?post=1973"},{"taxonomy":"post_tag","embeddable":true,"href":"https:\/\/agora.xtec.cat\/iesicilia\/wp-json\/wp\/v2\/tags?post=1973"}],"curies":[{"name":"wp","href":"https:\/\/api.w.org\/{rel}","templated":true}]}}