{"id":1833,"date":"2025-01-24T10:23:57","date_gmt":"2025-01-24T09:23:57","guid":{"rendered":"https:\/\/agora.xtec.cat\/iesicilia\/?p=1833"},"modified":"2025-01-24T11:57:30","modified_gmt":"2025-01-24T10:57:30","slug":"sis-museus","status":"publish","type":"post","link":"https:\/\/agora.xtec.cat\/iesicilia\/general\/sis-museus\/","title":{"rendered":"Sis museus"},"content":{"rendered":"<p style=\"text-align: justify;\"><span style=\"font-family: arial, helvetica, sans-serif; font-size: 12pt;\">Cada curs, els alumnes d\u2019Educaci\u00f3 Prim\u00e0ria dediquem una jornada a visitar un museu diferent, de tal manera que, al llarg de tota l\u2019etapa, haurem conegut sis museus diferents de la nostra ciutat.<\/span><\/p>\n<p style=\"text-align: justify;\"><span style=\"font-family: arial, helvetica, sans-serif; font-size: 12pt;\">Aquests museus s\u00f3n<\/span><span style=\"font-family: arial, helvetica, sans-serif; font-size: 12pt;\">:<\/span><\/p>\n<ul>\n<li><span style=\"font-family: arial, helvetica, sans-serif;\">Fundaci\u00f3 Joan Mir\u00f3<\/span><\/li>\n<li><span style=\"font-family: arial, helvetica, sans-serif;\">Museu Blau<\/span><\/li>\n<li><span style=\"font-family: arial, helvetica, sans-serif;\">La Casa dels Entremesos<\/span><\/li>\n<li><span style=\"font-family: arial, helvetica, sans-serif;\">Museu de les Il\u00b7lusions<\/span><\/li>\n<li><span style=\"font-family: arial, helvetica, sans-serif;\">Museu Egipci<\/span><\/li>\n<li><span style=\"font-family: arial, helvetica, sans-serif;\">Menja Actua Impacta<\/span><\/li>\n<\/ul>\n<p><span style=\"font-family: arial, helvetica, sans-serif; font-size: 12pt;\">\u00c9s una experi\u00e8ncia on els alumnes coneixen i aprenen sobre aspectes culturals, cosa que els omple d\u2019uns sabers i experi\u00e8ncies \u00faniques com, per exemple, con\u00e8ixer diferents artistes i les seves obres, el mar i els seus animals, festes i tradicions, la fotografia i les il\u00b7lusions \u00f2ptiques, l&#8217;\u00e8poca dels egipcis i els Objectius per al Desenvolupament Sostenible.<\/span><\/p>\n<p style=\"text-align: justify;\"><span style=\"font-family: arial, helvetica, sans-serif; font-size: 12pt;\">A m\u00e9s, aprofitem aquestes visites per vincular la sortida al museu amb el projecte d\u2019aula.<\/span><\/p>\n<table style=\"width: 100%; border-collapse: collapse; border-color: #ffffff;\">\n<tbody>\n<tr>\n<td style=\"width: 33.3333%; text-align: center;\"><a href=\"https:\/\/www.fmirobcn.org\/es\/\" target=\"_blank\" rel=\"noopener\"><strong><span style=\"font-size: 12pt; font-family: arial, helvetica, sans-serif;\">Fundaci\u00f3 Joan Mir\u00f3<\/span><\/strong><\/a><\/td>\n<td style=\"width: 33.3333%; text-align: center;\"><a href=\"https:\/\/museuciencies.cat\/\" target=\"_blank\" rel=\"noopener\"><strong><span style=\"font-size: 12pt; font-family: arial, helvetica, sans-serif;\">Museu Blau<\/span><\/strong><\/a><\/td>\n<td style=\"width: 33.3333%; text-align: center;\"><a href=\"https:\/\/lacasadelsentremesos.cat\/\" target=\"_blank\" rel=\"noopener\"><strong><span style=\"font-size: 12pt; font-family: arial, helvetica, sans-serif;\">La Casa dels Entremesos<\/span><\/strong><\/a><\/td>\n<\/tr>\n<tr>\n<td style=\"width: 33.3333%;\"><img loading=\"lazy\" decoding=\"async\" class=\"aligncenter size-large wp-image-1839\" src=\"https:\/\/agora.xtec.cat\/iesicilia\/wp-content\/uploads\/usu2573\/2024\/04\/20230329_114634-1024x1024.jpg\" alt=\"\" width=\"1024\" height=\"1024\" srcset=\"https:\/\/agora.xtec.cat\/iesicilia\/wp-content\/uploads\/usu2573\/2024\/04\/20230329_114634-1024x1024.jpg 1024w, https:\/\/agora.xtec.cat\/iesicilia\/wp-content\/uploads\/usu2573\/2024\/04\/20230329_114634-300x300.jpg 300w, https:\/\/agora.xtec.cat\/iesicilia\/wp-content\/uploads\/usu2573\/2024\/04\/20230329_114634-150x150.jpg 150w, https:\/\/agora.xtec.cat\/iesicilia\/wp-content\/uploads\/usu2573\/2024\/04\/20230329_114634-768x768.jpg 768w, https:\/\/agora.xtec.cat\/iesicilia\/wp-content\/uploads\/usu2573\/2024\/04\/20230329_114634-1536x1536.jpg 1536w, https:\/\/agora.xtec.cat\/iesicilia\/wp-content\/uploads\/usu2573\/2024\/04\/20230329_114634-2048x2048.jpg 2048w\" sizes=\"auto, (max-width: 1024px) 100vw, 1024px\" \/><\/td>\n<td style=\"width: 33.3333%;\"><img loading=\"lazy\" decoding=\"async\" class=\"aligncenter size-large wp-image-1837\" src=\"https:\/\/agora.xtec.cat\/iesicilia\/wp-content\/uploads\/usu2573\/2024\/04\/IMG_0314-2-1024x1024.jpg\" alt=\"\" width=\"1024\" height=\"1024\" srcset=\"https:\/\/agora.xtec.cat\/iesicilia\/wp-content\/uploads\/usu2573\/2024\/04\/IMG_0314-2-1024x1024.jpg 1024w, https:\/\/agora.xtec.cat\/iesicilia\/wp-content\/uploads\/usu2573\/2024\/04\/IMG_0314-2-300x300.jpg 300w, https:\/\/agora.xtec.cat\/iesicilia\/wp-content\/uploads\/usu2573\/2024\/04\/IMG_0314-2-150x150.jpg 150w, https:\/\/agora.xtec.cat\/iesicilia\/wp-content\/uploads\/usu2573\/2024\/04\/IMG_0314-2-768x768.jpg 768w, https:\/\/agora.xtec.cat\/iesicilia\/wp-content\/uploads\/usu2573\/2024\/04\/IMG_0314-2-1536x1536.jpg 1536w, https:\/\/agora.xtec.cat\/iesicilia\/wp-content\/uploads\/usu2573\/2024\/04\/IMG_0314-2-2048x2048.jpg 2048w\" sizes=\"auto, (max-width: 1024px) 100vw, 1024px\" \/><\/td>\n<td style=\"width: 33.3333%;\"><img loading=\"lazy\" decoding=\"async\" class=\"aligncenter size-large wp-image-1836\" src=\"https:\/\/agora.xtec.cat\/iesicilia\/wp-content\/uploads\/usu2573\/2024\/04\/1707837669358-1024x1024.jpg\" alt=\"\" width=\"1024\" height=\"1024\" srcset=\"https:\/\/agora.xtec.cat\/iesicilia\/wp-content\/uploads\/usu2573\/2024\/04\/1707837669358-1024x1024.jpg 1024w, https:\/\/agora.xtec.cat\/iesicilia\/wp-content\/uploads\/usu2573\/2024\/04\/1707837669358-300x300.jpg 300w, https:\/\/agora.xtec.cat\/iesicilia\/wp-content\/uploads\/usu2573\/2024\/04\/1707837669358-150x150.jpg 150w, https:\/\/agora.xtec.cat\/iesicilia\/wp-content\/uploads\/usu2573\/2024\/04\/1707837669358-768x768.jpg 768w, https:\/\/agora.xtec.cat\/iesicilia\/wp-content\/uploads\/usu2573\/2024\/04\/1707837669358-1536x1536.jpg 1536w, https:\/\/agora.xtec.cat\/iesicilia\/wp-content\/uploads\/usu2573\/2024\/04\/1707837669358-2048x2048.jpg 2048w\" sizes=\"auto, (max-width: 1024px) 100vw, 1024px\" \/><\/td>\n<\/tr>\n<tr>\n<td style=\"width: 33.3333%; text-align: center;\"><a href=\"https:\/\/bigfunmuseum.com\/ca\/museu-de-les-il-lusions\" target=\"_blank\" rel=\"noopener\"><strong><span style=\"font-size: 12pt; font-family: arial, helvetica, sans-serif;\">Museu de les Il\u00b7lusions<\/span><\/strong><\/a><\/td>\n<td style=\"width: 33.3333%; text-align: center;\"><a href=\"https:\/\/www.museuegipci.com\/\" target=\"_blank\" rel=\"noopener\"><strong><span style=\"font-size: 12pt; font-family: arial, helvetica, sans-serif;\">Museu Egipci<\/span><\/strong><\/a><\/td>\n<td style=\"width: 33.3333%; text-align: center;\"><a href=\"https:\/\/menjaactuaimpacta.org\/\" target=\"_blank\" rel=\"noopener\"><strong><span style=\"font-size: 12pt; font-family: arial, helvetica, sans-serif;\">Menja Actua Impacta<\/span><\/strong><\/a><\/td>\n<\/tr>\n<tr>\n<td style=\"width: 33.3333%;\"><img loading=\"lazy\" decoding=\"async\" class=\"aligncenter size-large wp-image-1834\" src=\"https:\/\/agora.xtec.cat\/iesicilia\/wp-content\/uploads\/usu2573\/2024\/04\/IMG_4433-1024x1024.jpg\" alt=\"\" width=\"1024\" height=\"1024\" srcset=\"https:\/\/agora.xtec.cat\/iesicilia\/wp-content\/uploads\/usu2573\/2024\/04\/IMG_4433-1024x1024.jpg 1024w, https:\/\/agora.xtec.cat\/iesicilia\/wp-content\/uploads\/usu2573\/2024\/04\/IMG_4433-300x300.jpg 300w, https:\/\/agora.xtec.cat\/iesicilia\/wp-content\/uploads\/usu2573\/2024\/04\/IMG_4433-150x150.jpg 150w, https:\/\/agora.xtec.cat\/iesicilia\/wp-content\/uploads\/usu2573\/2024\/04\/IMG_4433-768x768.jpg 768w, https:\/\/agora.xtec.cat\/iesicilia\/wp-content\/uploads\/usu2573\/2024\/04\/IMG_4433-1536x1536.jpg 1536w, https:\/\/agora.xtec.cat\/iesicilia\/wp-content\/uploads\/usu2573\/2024\/04\/IMG_4433-2048x2048.jpg 2048w\" sizes=\"auto, (max-width: 1024px) 100vw, 1024px\" \/><\/td>\n<td style=\"width: 33.3333%;\"><img loading=\"lazy\" decoding=\"async\" class=\"aligncenter size-large wp-image-1838\" src=\"https:\/\/agora.xtec.cat\/iesicilia\/wp-content\/uploads\/usu2573\/2024\/04\/IMG_0312-1024x1024.jpg\" alt=\"\" width=\"1024\" height=\"1024\" srcset=\"https:\/\/agora.xtec.cat\/iesicilia\/wp-content\/uploads\/usu2573\/2024\/04\/IMG_0312-1024x1024.jpg 1024w, https:\/\/agora.xtec.cat\/iesicilia\/wp-content\/uploads\/usu2573\/2024\/04\/IMG_0312-300x300.jpg 300w, https:\/\/agora.xtec.cat\/iesicilia\/wp-content\/uploads\/usu2573\/2024\/04\/IMG_0312-150x150.jpg 150w, https:\/\/agora.xtec.cat\/iesicilia\/wp-content\/uploads\/usu2573\/2024\/04\/IMG_0312-768x768.jpg 768w, https:\/\/agora.xtec.cat\/iesicilia\/wp-content\/uploads\/usu2573\/2024\/04\/IMG_0312-1536x1536.jpg 1536w, https:\/\/agora.xtec.cat\/iesicilia\/wp-content\/uploads\/usu2573\/2024\/04\/IMG_0312-2048x2048.jpg 2048w\" sizes=\"auto, (max-width: 1024px) 100vw, 1024px\" \/><\/td>\n<td style=\"width: 33.3333%;\"><img loading=\"lazy\" decoding=\"async\" class=\"aligncenter size-large wp-image-1835\" src=\"https:\/\/agora.xtec.cat\/iesicilia\/wp-content\/uploads\/usu2573\/2024\/04\/IMG-20240314-WA0033-1024x1024.jpg\" alt=\"\" width=\"1024\" height=\"1024\" srcset=\"https:\/\/agora.xtec.cat\/iesicilia\/wp-content\/uploads\/usu2573\/2024\/04\/IMG-20240314-WA0033-1024x1024.jpg 1024w, https:\/\/agora.xtec.cat\/iesicilia\/wp-content\/uploads\/usu2573\/2024\/04\/IMG-20240314-WA0033-300x300.jpg 300w, https:\/\/agora.xtec.cat\/iesicilia\/wp-content\/uploads\/usu2573\/2024\/04\/IMG-20240314-WA0033-150x150.jpg 150w, https:\/\/agora.xtec.cat\/iesicilia\/wp-content\/uploads\/usu2573\/2024\/04\/IMG-20240314-WA0033-768x768.jpg 768w, https:\/\/agora.xtec.cat\/iesicilia\/wp-content\/uploads\/usu2573\/2024\/04\/IMG-20240314-WA0033.jpg 1512w\" sizes=\"auto, (max-width: 1024px) 100vw, 1024px\" \/><\/td>\n<\/tr>\n<\/tbody>\n<\/table>\n<p style=\"text-align: justify;\">\n","protected":false},"excerpt":{"rendered":"<p>Cada curs, els alumnes d\u2019Educaci\u00f3 Prim\u00e0ria dediquem una jornada a visitar un museu diferent, de tal manera que, al llarg de tota l\u2019etapa, haurem conegut sis museus diferents de la nostra ciutat. Aquests museus s\u00f3n: Fundaci\u00f3 Joan Mir\u00f3 Museu Blau La Casa dels Entremesos Museu de les Il\u00b7lusions Museu Egipci Menja Actua Impacta \u00c9s una [&hellip;]<\/p>\n","protected":false},"author":1,"featured_media":1838,"comment_status":"open","ping_status":"closed","sticky":false,"template":"","format":"standard","meta":{"_bbp_topic_count":0,"_bbp_reply_count":0,"_bbp_total_topic_count":0,"_bbp_total_reply_count":0,"_bbp_voice_count":0,"_bbp_anonymous_reply_count":0,"_bbp_topic_count_hidden":0,"_bbp_reply_count_hidden":0,"_bbp_forum_subforum_count":0,"site-sidebar-layout":"default","site-content-layout":"","ast-site-content-layout":"","site-content-style":"default","site-sidebar-style":"default","ast-global-header-display":"","ast-banner-title-visibility":"","ast-main-header-display":"","ast-hfb-above-header-display":"","ast-hfb-below-header-display":"","ast-hfb-mobile-header-display":"","site-post-title":"","ast-breadcrumbs-content":"","ast-featured-img":"","footer-sml-layout":"","theme-transparent-header-meta":"","adv-header-id-meta":"","stick-header-meta":"","header-above-stick-meta":"","header-main-stick-meta":"","header-below-stick-meta":"","astra-migrate-meta-layouts":"default","ast-page-background-enabled":"default","ast-page-background-meta":{"desktop":{"background-color":"var(--ast-global-color-4)","background-image":"","background-repeat":"repeat","background-position":"center center","background-size":"auto","background-attachment":"scroll","background-type":"","background-media":"","overlay-type":"","overlay-color":"","overlay-opacity":"","overlay-gradient":""},"tablet":{"background-color":"","background-image":"","background-repeat":"repeat","background-position":"center center","background-size":"auto","background-attachment":"scroll","background-type":"","background-media":"","overlay-type":"","overlay-color":"","overlay-opacity":"","overlay-gradient":""},"mobile":{"background-color":"","background-image":"","background-repeat":"repeat","background-position":"center center","background-size":"auto","background-attachment":"scroll","background-type":"","background-media":"","overlay-type":"","overlay-color":"","overlay-opacity":"","overlay-gradient":""}},"ast-content-background-meta":{"desktop":{"background-color":"var(--ast-global-color-5)","background-image":"","background-repeat":"repeat","background-position":"center center","background-size":"auto","background-attachment":"scroll","background-type":"","background-media":"","overlay-type":"","overlay-color":"","overlay-opacity":"","overlay-gradient":""},"tablet":{"background-color":"var(--ast-global-color-5)","background-image":"","background-repeat":"repeat","background-position":"center center","background-size":"auto","background-attachment":"scroll","background-type":"","background-media":"","overlay-type":"","overlay-color":"","overlay-opacity":"","overlay-gradient":""},"mobile":{"background-color":"var(--ast-global-color-5)","background-image":"","background-repeat":"repeat","background-position":"center center","background-size":"auto","background-attachment":"scroll","background-type":"","background-media":"","overlay-type":"","overlay-color":"","overlay-opacity":"","overlay-gradient":""}},"footnotes":""},"categories":[1,29,30],"tags":[150,143],"class_list":["post-1833","post","type-post","status-publish","format-standard","has-post-thumbnail","hentry","category-general","category-portada","category-prim","tag-primaria","tag-projectes"],"post_mailing_queue_ids":[],"_links":{"self":[{"href":"https:\/\/agora.xtec.cat\/iesicilia\/wp-json\/wp\/v2\/posts\/1833","targetHints":{"allow":["GET"]}}],"collection":[{"href":"https:\/\/agora.xtec.cat\/iesicilia\/wp-json\/wp\/v2\/posts"}],"about":[{"href":"https:\/\/agora.xtec.cat\/iesicilia\/wp-json\/wp\/v2\/types\/post"}],"author":[{"embeddable":true,"href":"https:\/\/agora.xtec.cat\/iesicilia\/wp-json\/wp\/v2\/users\/1"}],"replies":[{"embeddable":true,"href":"https:\/\/agora.xtec.cat\/iesicilia\/wp-json\/wp\/v2\/comments?post=1833"}],"version-history":[{"count":6,"href":"https:\/\/agora.xtec.cat\/iesicilia\/wp-json\/wp\/v2\/posts\/1833\/revisions"}],"predecessor-version":[{"id":1850,"href":"https:\/\/agora.xtec.cat\/iesicilia\/wp-json\/wp\/v2\/posts\/1833\/revisions\/1850"}],"wp:featuredmedia":[{"embeddable":true,"href":"https:\/\/agora.xtec.cat\/iesicilia\/wp-json\/wp\/v2\/media\/1838"}],"wp:attachment":[{"href":"https:\/\/agora.xtec.cat\/iesicilia\/wp-json\/wp\/v2\/media?parent=1833"}],"wp:term":[{"taxonomy":"category","embeddable":true,"href":"https:\/\/agora.xtec.cat\/iesicilia\/wp-json\/wp\/v2\/categories?post=1833"},{"taxonomy":"post_tag","embeddable":true,"href":"https:\/\/agora.xtec.cat\/iesicilia\/wp-json\/wp\/v2\/tags?post=1833"}],"curies":[{"name":"wp","href":"https:\/\/api.w.org\/{rel}","templated":true}]}}