{"id":1791,"date":"2025-01-24T09:00:03","date_gmt":"2025-01-24T08:00:03","guid":{"rendered":"https:\/\/agora.xtec.cat\/iesicilia\/?p=1791"},"modified":"2025-01-24T12:01:57","modified_gmt":"2025-01-24T11:01:57","slug":"transformem-els-patis","status":"publish","type":"post","link":"https:\/\/agora.xtec.cat\/iesicilia\/general\/transformem-els-patis\/","title":{"rendered":"Transformem els patis"},"content":{"rendered":"<p style=\"text-align: justify;\"><span style=\"font-family: arial, helvetica, sans-serif; color: #333333;\">Els patis de la nostra escola, m\u00e9s enll\u00e0 de l&#8217;esbarjo&#8230;<\/span><\/p>\n<p style=\"text-align: justify;\"><span style=\"font-family: arial, helvetica, sans-serif; color: #333333;\">Es calcula que cada infant passa, des d\u2019I3 fins a 6\u00e8, aproximadament unes 3.000 hores al pati. Aquest, com a espai educatiu exterior de l\u2019escola, \u00e9s un espai de joc i de relacions essencial en la vida dels infants i constitueix un espai d\u2019aprenentatge igual d\u2019important que les aules.<\/span><\/p>\n<p style=\"text-align: justify;\"><span style=\"font-family: arial, helvetica, sans-serif; color: #333333;\">Enguany la nostra escola ha estat seleccionada per formar part de Transformem els Patis, un programa impulsat per l\u2019Ajuntament de Barcelona, en el qual participen altres escoles de la ciutat. Durant aquest curs 23-24 ens dediquem a dur a terme aquest projecte que finalitzar\u00e0 amb la <strong>transformaci\u00f3 dels nostres patis.<\/strong> Les obres es duran a terme durant els mesos de juny i juliol, per tal que al setembre ja estigui tot llest per a l\u2019inici del nou curs.<\/span><\/p>\n<p style=\"text-align: justify;\"><span style=\"font-family: arial, helvetica, sans-serif; color: #333333;\">Aquest programa pret\u00e9n millorar l\u2019espai d\u2019esbarjo i de joc perqu\u00e8 esdevingui <strong>m\u00e9s naturalitzat i sostenible, fomentar les din\u00e0miques i relacions igualit\u00e0ries i inclusives.<\/strong> En definitiva, plantejar un canvi f\u00edsic, per\u00f2 sobretot conceptual i pedag\u00f2gic per esdevenir un espai de conviv\u00e8ncia i educatiu.<\/span><\/p>\n<p style=\"text-align: justify;\"><span style=\"font-family: arial, helvetica, sans-serif; color: #333333;\">Es duu a terme a partir d\u2019un proc\u00e9s de participaci\u00f3 i cocreaci\u00f3 amb tota la comunitat. Per recollir totes les veus, es va crear un grup motor amb mestres, alumnes [liderat per alumnes de 5\u00e8 de prim\u00e0ria i 1r i 3r d\u2019ESO], fam\u00edlies i coordinadora del temps de migdia que participen en les diferents sessions formatives i de disseny, aportant les idees i necessitats de tothom.<\/span><\/p>\n<p style=\"text-align: justify;\"><span style=\"font-family: arial, helvetica, sans-serif; color: #333333;\">Treballem en aquesta transformaci\u00f3 amb un objectiu clar: convertir els nostres patis en espais de conviv\u00e8ncia, joc, activitat, esport, creativitat, tranquil\u00b7litat\u2026<\/span><\/p>\n<p style=\"text-align: justify;\"><span style=\"font-family: arial, helvetica, sans-serif; color: #333333;\">En conclusi\u00f3, fer que esdevinguin espais de benestar i d\u2019aprenentatge.<\/span><\/p>\n","protected":false},"excerpt":{"rendered":"<p>Els patis de la nostra escola, m\u00e9s enll\u00e0 de l&#8217;esbarjo&#8230; Es calcula que cada infant passa, des d\u2019I3 fins a 6\u00e8, aproximadament unes 3.000 hores al pati. Aquest, com a espai educatiu exterior de l\u2019escola, \u00e9s un espai de joc i de relacions essencial en la vida dels infants i constitueix un espai d\u2019aprenentatge igual [&hellip;]<\/p>\n","protected":false},"author":1,"featured_media":1792,"comment_status":"open","ping_status":"closed","sticky":false,"template":"","format":"standard","meta":{"_bbp_topic_count":0,"_bbp_reply_count":0,"_bbp_total_topic_count":0,"_bbp_total_reply_count":0,"_bbp_voice_count":0,"_bbp_anonymous_reply_count":0,"_bbp_topic_count_hidden":0,"_bbp_reply_count_hidden":0,"_bbp_forum_subforum_count":0,"site-sidebar-layout":"default","site-content-layout":"","ast-site-content-layout":"","site-content-style":"default","site-sidebar-style":"default","ast-global-header-display":"","ast-banner-title-visibility":"","ast-main-header-display":"","ast-hfb-above-header-display":"","ast-hfb-below-header-display":"","ast-hfb-mobile-header-display":"","site-post-title":"","ast-breadcrumbs-content":"","ast-featured-img":"","footer-sml-layout":"","theme-transparent-header-meta":"","adv-header-id-meta":"","stick-header-meta":"","header-above-stick-meta":"","header-main-stick-meta":"","header-below-stick-meta":"","astra-migrate-meta-layouts":"default","ast-page-background-enabled":"default","ast-page-background-meta":{"desktop":{"background-color":"var(--ast-global-color-4)","background-image":"","background-repeat":"repeat","background-position":"center center","background-size":"auto","background-attachment":"scroll","background-type":"","background-media":"","overlay-type":"","overlay-color":"","overlay-opacity":"","overlay-gradient":""},"tablet":{"background-color":"","background-image":"","background-repeat":"repeat","background-position":"center center","background-size":"auto","background-attachment":"scroll","background-type":"","background-media":"","overlay-type":"","overlay-color":"","overlay-opacity":"","overlay-gradient":""},"mobile":{"background-color":"","background-image":"","background-repeat":"repeat","background-position":"center center","background-size":"auto","background-attachment":"scroll","background-type":"","background-media":"","overlay-type":"","overlay-color":"","overlay-opacity":"","overlay-gradient":""}},"ast-content-background-meta":{"desktop":{"background-color":"var(--ast-global-color-5)","background-image":"","background-repeat":"repeat","background-position":"center center","background-size":"auto","background-attachment":"scroll","background-type":"","background-media":"","overlay-type":"","overlay-color":"","overlay-opacity":"","overlay-gradient":""},"tablet":{"background-color":"var(--ast-global-color-5)","background-image":"","background-repeat":"repeat","background-position":"center center","background-size":"auto","background-attachment":"scroll","background-type":"","background-media":"","overlay-type":"","overlay-color":"","overlay-opacity":"","overlay-gradient":""},"mobile":{"background-color":"var(--ast-global-color-5)","background-image":"","background-repeat":"repeat","background-position":"center center","background-size":"auto","background-attachment":"scroll","background-type":"","background-media":"","overlay-type":"","overlay-color":"","overlay-opacity":"","overlay-gradient":""}},"footnotes":""},"categories":[1,29],"tags":[147,148,149,146],"class_list":["post-1791","post","type-post","status-publish","format-standard","has-post-thumbnail","hentry","category-general","category-portada","tag-coeducacio","tag-comunitat","tag-convivencia","tag-patis"],"post_mailing_queue_ids":[],"_links":{"self":[{"href":"https:\/\/agora.xtec.cat\/iesicilia\/wp-json\/wp\/v2\/posts\/1791","targetHints":{"allow":["GET"]}}],"collection":[{"href":"https:\/\/agora.xtec.cat\/iesicilia\/wp-json\/wp\/v2\/posts"}],"about":[{"href":"https:\/\/agora.xtec.cat\/iesicilia\/wp-json\/wp\/v2\/types\/post"}],"author":[{"embeddable":true,"href":"https:\/\/agora.xtec.cat\/iesicilia\/wp-json\/wp\/v2\/users\/1"}],"replies":[{"embeddable":true,"href":"https:\/\/agora.xtec.cat\/iesicilia\/wp-json\/wp\/v2\/comments?post=1791"}],"version-history":[{"count":1,"href":"https:\/\/agora.xtec.cat\/iesicilia\/wp-json\/wp\/v2\/posts\/1791\/revisions"}],"predecessor-version":[{"id":1793,"href":"https:\/\/agora.xtec.cat\/iesicilia\/wp-json\/wp\/v2\/posts\/1791\/revisions\/1793"}],"wp:featuredmedia":[{"embeddable":true,"href":"https:\/\/agora.xtec.cat\/iesicilia\/wp-json\/wp\/v2\/media\/1792"}],"wp:attachment":[{"href":"https:\/\/agora.xtec.cat\/iesicilia\/wp-json\/wp\/v2\/media?parent=1791"}],"wp:term":[{"taxonomy":"category","embeddable":true,"href":"https:\/\/agora.xtec.cat\/iesicilia\/wp-json\/wp\/v2\/categories?post=1791"},{"taxonomy":"post_tag","embeddable":true,"href":"https:\/\/agora.xtec.cat\/iesicilia\/wp-json\/wp\/v2\/tags?post=1791"}],"curies":[{"name":"wp","href":"https:\/\/api.w.org\/{rel}","templated":true}]}}