{"id":1690,"date":"2025-01-07T09:34:20","date_gmt":"2025-01-07T08:34:20","guid":{"rendered":"https:\/\/agora.xtec.cat\/iesicilia\/?p=1690"},"modified":"2025-01-24T11:59:28","modified_gmt":"2025-01-24T10:59:28","slug":"per-que-es-tan-important-el-pla-lector","status":"publish","type":"post","link":"https:\/\/agora.xtec.cat\/iesicilia\/general\/per-que-es-tan-important-el-pla-lector\/","title":{"rendered":"Per qu\u00e8 \u00e9s tan important el Pla Lector?"},"content":{"rendered":"<p style=\"text-align: justify;\"><img loading=\"lazy\" decoding=\"async\" class=\"wp-image-1694 alignright\" src=\"https:\/\/agora.xtec.cat\/iesicilia\/wp-content\/uploads\/usu2573\/2024\/01\/IMG_8680-1024x1024.jpg\" alt=\"\" width=\"279\" height=\"279\" srcset=\"https:\/\/agora.xtec.cat\/iesicilia\/wp-content\/uploads\/usu2573\/2024\/01\/IMG_8680-1024x1024.jpg 1024w, https:\/\/agora.xtec.cat\/iesicilia\/wp-content\/uploads\/usu2573\/2024\/01\/IMG_8680-300x300.jpg 300w, https:\/\/agora.xtec.cat\/iesicilia\/wp-content\/uploads\/usu2573\/2024\/01\/IMG_8680-150x150.jpg 150w, https:\/\/agora.xtec.cat\/iesicilia\/wp-content\/uploads\/usu2573\/2024\/01\/IMG_8680-768x768.jpg 768w, https:\/\/agora.xtec.cat\/iesicilia\/wp-content\/uploads\/usu2573\/2024\/01\/IMG_8680-1536x1536.jpg 1536w, https:\/\/agora.xtec.cat\/iesicilia\/wp-content\/uploads\/usu2573\/2024\/01\/IMG_8680-2048x2048.jpg 2048w\" sizes=\"auto, (max-width: 279px) 100vw, 279px\" \/>La lectura \u00e9s una habilitat que s\u2019apr\u00e8n. Per la seva complexitat, no es redueix simplement a desxifrar un codi, sin\u00f3 que va m\u00e9s enll\u00e0: implica interpretar i nodrir de significat el nostre pensament i la nostra imaginaci\u00f3. Llegir \u00e9s, sens dubte, una de les habilitats m\u00e9s nobles de l\u2019\u00e9sser hum\u00e0 ja que amb ella<br \/>\ncreixem com a persones.<\/p>\n<p style=\"text-align: justify;\">En una societat on la imatge, la immediatesa i el presentisme semblen dominar el m\u00f3n, la lectura esdev\u00e9 una alternativa per cultivar l\u2019atenci\u00f3, aprendre dels savis, crear un relat propi i enriquir-nos m\u00fatuament. \u00c9s, doncs, una eina que permet accedir al coneixement personal i col\u00b7lectiu. \u00c9s per aix\u00f2 que, com m\u00e9s llegim i entenem, m\u00e9s aprenem. Dit en altres paraules, qui no compr\u00e8n no apr\u00e8n.<\/p>\n<p style=\"text-align: justify;\">Llegir \u00e9s una activitat inclusiva ja que tothom pot tenir acc\u00e9s als llibres. Per aquest motiu, qui aprofita aquesta oportunitat t\u00e9 acc\u00e9s directe a la cultura. Aix\u00ed, podem dir que la lectura ajuda tamb\u00e9 a assolir l\u2019equitat en una societat diversa i \u2014 malauradament \u2014 farcida de desigualtats.<\/p>\n<p style=\"text-align: justify;\"><img loading=\"lazy\" decoding=\"async\" class=\"wp-image-1692 alignleft\" src=\"https:\/\/agora.xtec.cat\/iesicilia\/wp-content\/uploads\/usu2573\/2024\/01\/IMG_2326-1024x1024.jpg\" alt=\"\" width=\"261\" height=\"261\" srcset=\"https:\/\/agora.xtec.cat\/iesicilia\/wp-content\/uploads\/usu2573\/2024\/01\/IMG_2326-1024x1024.jpg 1024w, https:\/\/agora.xtec.cat\/iesicilia\/wp-content\/uploads\/usu2573\/2024\/01\/IMG_2326-300x300.jpg 300w, https:\/\/agora.xtec.cat\/iesicilia\/wp-content\/uploads\/usu2573\/2024\/01\/IMG_2326-150x150.jpg 150w, https:\/\/agora.xtec.cat\/iesicilia\/wp-content\/uploads\/usu2573\/2024\/01\/IMG_2326-768x768.jpg 768w, https:\/\/agora.xtec.cat\/iesicilia\/wp-content\/uploads\/usu2573\/2024\/01\/IMG_2326-1536x1536.jpg 1536w, https:\/\/agora.xtec.cat\/iesicilia\/wp-content\/uploads\/usu2573\/2024\/01\/IMG_2326-2048x2048.jpg 2048w\" sizes=\"auto, (max-width: 261px) 100vw, 261px\" \/>Des de l\u2019Institut Escola Sic\u00edlia impulsem el projecte de lectura amb el convenciment que, des de petits, l\u2019alumnat pot adquirir l\u2019h\u00e0bit de llegir, com a plaer i com a font de coneixement. Com indica Gregorio Luri\u00b9, es tracta de fer un viatge que comen\u00e7a en el fet d\u2019aprendre a llegir per arribar a aprendre tot llegint.<\/p>\n<p style=\"text-align: justify;\">Acompanyeu-nos, mares i pares, en aquest cam\u00ed lector: llegiu junts, compartiu el que us commou, aneu a la biblioteca del barri, interesseu-vos de forma expl\u00edcita pels temes que atrauen als fills i filles i, sobretot, parleu-ne. Que la lectura esdevingui una finestra oberta al pensament, a la sensibilitat i al m\u00f3n.<\/p>\n<p>&nbsp;<\/p>\n<p><em>\u00b9\u00a0G. Luri, Sobre el arte de leer, Barcelona, Plataforma Actual, 2023<\/em><\/p>\n","protected":false},"excerpt":{"rendered":"<p>La lectura \u00e9s una habilitat que s\u2019apr\u00e8n. Per la seva complexitat, no es redueix simplement a desxifrar un codi, sin\u00f3 que va m\u00e9s enll\u00e0: implica interpretar i nodrir de significat el nostre pensament i la nostra imaginaci\u00f3. Llegir \u00e9s, sens dubte, una de les habilitats m\u00e9s nobles de l\u2019\u00e9sser hum\u00e0 ja que amb ella creixem [&hellip;]<\/p>\n","protected":false},"author":1,"featured_media":1691,"comment_status":"open","ping_status":"closed","sticky":false,"template":"","format":"standard","meta":{"_bbp_topic_count":0,"_bbp_reply_count":0,"_bbp_total_topic_count":0,"_bbp_total_reply_count":0,"_bbp_voice_count":0,"_bbp_anonymous_reply_count":0,"_bbp_topic_count_hidden":0,"_bbp_reply_count_hidden":0,"_bbp_forum_subforum_count":0,"site-sidebar-layout":"default","site-content-layout":"","ast-site-content-layout":"","site-content-style":"default","site-sidebar-style":"default","ast-global-header-display":"","ast-banner-title-visibility":"","ast-main-header-display":"","ast-hfb-above-header-display":"","ast-hfb-below-header-display":"","ast-hfb-mobile-header-display":"","site-post-title":"","ast-breadcrumbs-content":"","ast-featured-img":"","footer-sml-layout":"","theme-transparent-header-meta":"","adv-header-id-meta":"","stick-header-meta":"","header-above-stick-meta":"","header-main-stick-meta":"","header-below-stick-meta":"","astra-migrate-meta-layouts":"default","ast-page-background-enabled":"default","ast-page-background-meta":{"desktop":{"background-color":"var(--ast-global-color-4)","background-image":"","background-repeat":"repeat","background-position":"center center","background-size":"auto","background-attachment":"scroll","background-type":"","background-media":"","overlay-type":"","overlay-color":"","overlay-opacity":"","overlay-gradient":""},"tablet":{"background-color":"","background-image":"","background-repeat":"repeat","background-position":"center center","background-size":"auto","background-attachment":"scroll","background-type":"","background-media":"","overlay-type":"","overlay-color":"","overlay-opacity":"","overlay-gradient":""},"mobile":{"background-color":"","background-image":"","background-repeat":"repeat","background-position":"center center","background-size":"auto","background-attachment":"scroll","background-type":"","background-media":"","overlay-type":"","overlay-color":"","overlay-opacity":"","overlay-gradient":""}},"ast-content-background-meta":{"desktop":{"background-color":"var(--ast-global-color-5)","background-image":"","background-repeat":"repeat","background-position":"center center","background-size":"auto","background-attachment":"scroll","background-type":"","background-media":"","overlay-type":"","overlay-color":"","overlay-opacity":"","overlay-gradient":""},"tablet":{"background-color":"var(--ast-global-color-5)","background-image":"","background-repeat":"repeat","background-position":"center center","background-size":"auto","background-attachment":"scroll","background-type":"","background-media":"","overlay-type":"","overlay-color":"","overlay-opacity":"","overlay-gradient":""},"mobile":{"background-color":"var(--ast-global-color-5)","background-image":"","background-repeat":"repeat","background-position":"center center","background-size":"auto","background-attachment":"scroll","background-type":"","background-media":"","overlay-type":"","overlay-color":"","overlay-opacity":"","overlay-gradient":""}},"footnotes":""},"categories":[1,29],"tags":[],"class_list":["post-1690","post","type-post","status-publish","format-standard","has-post-thumbnail","hentry","category-general","category-portada"],"post_mailing_queue_ids":[],"_links":{"self":[{"href":"https:\/\/agora.xtec.cat\/iesicilia\/wp-json\/wp\/v2\/posts\/1690","targetHints":{"allow":["GET"]}}],"collection":[{"href":"https:\/\/agora.xtec.cat\/iesicilia\/wp-json\/wp\/v2\/posts"}],"about":[{"href":"https:\/\/agora.xtec.cat\/iesicilia\/wp-json\/wp\/v2\/types\/post"}],"author":[{"embeddable":true,"href":"https:\/\/agora.xtec.cat\/iesicilia\/wp-json\/wp\/v2\/users\/1"}],"replies":[{"embeddable":true,"href":"https:\/\/agora.xtec.cat\/iesicilia\/wp-json\/wp\/v2\/comments?post=1690"}],"version-history":[{"count":2,"href":"https:\/\/agora.xtec.cat\/iesicilia\/wp-json\/wp\/v2\/posts\/1690\/revisions"}],"predecessor-version":[{"id":1696,"href":"https:\/\/agora.xtec.cat\/iesicilia\/wp-json\/wp\/v2\/posts\/1690\/revisions\/1696"}],"wp:featuredmedia":[{"embeddable":true,"href":"https:\/\/agora.xtec.cat\/iesicilia\/wp-json\/wp\/v2\/media\/1691"}],"wp:attachment":[{"href":"https:\/\/agora.xtec.cat\/iesicilia\/wp-json\/wp\/v2\/media?parent=1690"}],"wp:term":[{"taxonomy":"category","embeddable":true,"href":"https:\/\/agora.xtec.cat\/iesicilia\/wp-json\/wp\/v2\/categories?post=1690"},{"taxonomy":"post_tag","embeddable":true,"href":"https:\/\/agora.xtec.cat\/iesicilia\/wp-json\/wp\/v2\/tags?post=1690"}],"curies":[{"name":"wp","href":"https:\/\/api.w.org\/{rel}","templated":true}]}}