{"id":1641,"date":"2025-01-24T11:00:59","date_gmt":"2025-01-24T10:00:59","guid":{"rendered":"https:\/\/agora.xtec.cat\/iesicilia\/?p=1641"},"modified":"2025-01-24T11:55:43","modified_gmt":"2025-01-24T10:55:43","slug":"swim-surf","status":"publish","type":"post","link":"https:\/\/agora.xtec.cat\/iesicilia\/general\/swim-surf\/","title":{"rendered":"SWIM &#038; SURF"},"content":{"rendered":"<p style=\"text-align: justify;\"><img loading=\"lazy\" decoding=\"async\" class=\"wp-image-1650 alignleft\" src=\"https:\/\/agora.xtec.cat\/iesicilia\/wp-content\/uploads\/usu2573\/2024\/01\/IMG_5294-1024x682.jpg\" alt=\"\" width=\"229\" height=\"153\" srcset=\"https:\/\/agora.xtec.cat\/iesicilia\/wp-content\/uploads\/usu2573\/2024\/01\/IMG_5294-1024x682.jpg 1024w, https:\/\/agora.xtec.cat\/iesicilia\/wp-content\/uploads\/usu2573\/2024\/01\/IMG_5294-300x200.jpg 300w, https:\/\/agora.xtec.cat\/iesicilia\/wp-content\/uploads\/usu2573\/2024\/01\/IMG_5294-768x512.jpg 768w, https:\/\/agora.xtec.cat\/iesicilia\/wp-content\/uploads\/usu2573\/2024\/01\/IMG_5294-1536x1023.jpg 1536w, https:\/\/agora.xtec.cat\/iesicilia\/wp-content\/uploads\/usu2573\/2024\/01\/IMG_5294.jpg 2048w\" sizes=\"auto, (max-width: 229px) 100vw, 229px\" \/>L&#8217;equip docent del centre ent\u00e9n que els nostres alumnes viuen a prop d&#8217;un medi que no dominem, l&#8217;aqu\u00e0tic, i volem dotar-los dels coneixements suficients perqu\u00e8 puguin desenvolupar-se en aquest medi de manera segura i eficient.<\/p>\n<p>Per una altra banda, el nivell d&#8217;abandonament de la pr\u00e0ctica esportiva i l&#8217;augment del sedentarisme en els estudiants, sobretot de l&#8217;ESO, ens obliga a cercar nous camins i estrat\u00e8gies que afavoreixen els h\u00e0bits saludables i els beneficis de la pr\u00e0ctica esportiva regular entre els nostres alumnes.<\/p>\n<p style=\"text-align: justify;\">El projecte\u00a0<strong><span class=\"hiddenSpellError\">SWIM<\/span>\u00a0&amp; SURF<\/strong> se centra a oferir als nostres alumnes la possibilitat de practicar diferents <span style=\"font-family: inherit; font-size: 1em;\">esports aqu\u00e0tics (nataci\u00f3, surf i <\/span><span class=\"hiddenSpellError\" style=\"font-family: inherit; font-size: 1em;\">paddle<\/span><span style=\"font-family: inherit; font-size: 1em;\">-surf) aprofitant el\u00a0que els ofereix la seva ciutat, el seu entorn.<\/span><\/p>\n<p style=\"text-align: justify;\"><img loading=\"lazy\" decoding=\"async\" class=\"wp-image-1653 alignright\" src=\"https:\/\/agora.xtec.cat\/iesicilia\/wp-content\/uploads\/usu2573\/2024\/01\/IMG_4840.jpg\" alt=\"\" width=\"214\" height=\"160\" srcset=\"https:\/\/agora.xtec.cat\/iesicilia\/wp-content\/uploads\/usu2573\/2024\/01\/IMG_4840.jpg 640w, https:\/\/agora.xtec.cat\/iesicilia\/wp-content\/uploads\/usu2573\/2024\/01\/IMG_4840-300x225.jpg 300w, https:\/\/agora.xtec.cat\/iesicilia\/wp-content\/uploads\/usu2573\/2024\/01\/IMG_4840-200x150.jpg 200w\" sizes=\"auto, (max-width: 214px) 100vw, 214px\" \/>El projecte\u00a0<strong><span class=\"hiddenSpellError\">SWIM<\/span>\u00a0&amp; SURF<\/strong> s&#8217;inclou en la programaci\u00f3 curricular de l&#8217;\u00e0rea <span style=\"font-family: inherit; font-size: 1em;\">d&#8217;Educaci\u00f3 F\u00edsica de l&#8217;Educaci\u00f3 B\u00e0sica. D&#8217;aquesta manera, tot l&#8217;alumnat, al llarg de la se<\/span><span style=\"font-family: inherit; font-size: 1em;\">va escolaritat haur\u00e0 dut a terme activitats f\u00edsiques en diferents medis aqu\u00e0tics, la piscina i el mar, i al mateix temps s&#8217;haur\u00e0 introdu\u00eft en esports com la nataci\u00f3 i el surf.<\/span><\/p>\n<p>&nbsp;<\/p>\n<p style=\"text-align: justify;\"><strong>OBJECTIUS<\/strong><\/p>\n<ul>\n<li>Oferir a tot l\u2019alumnat un servei d\u2019activitats aqu\u00e0tiques que comprengui diferents finalitats com \u00e9s la utilit\u00e0ria, educativa, recreativa i de salut.<\/li>\n<li>Proporcionar una autonomia b\u00e0sica en el medi aqu\u00e0tic mitjan\u00e7ant el desenvolupament d\u2019habilitats aqu\u00e0tiques b\u00e0siques i espec\u00edfiques i aix\u00ed poder gaudir i desenvolupar-se de forma segura en aquest medi.<\/li>\n<li>Fomentar una actitud favorable cap a la pr\u00e0ctica d\u2019activitats aqu\u00e0tiques.<\/li>\n<li>Propiciar l\u2019exterioritzaci\u00f3 de conductes sensorials, afectives i cognitives que ajudin a l\u2019alumne\/a a sentir-se millor en el medi aqu\u00e0tic.<\/li>\n<li>Con\u00e8ixer i experimentar activitats a la natura i en medis diferents de l\u2019habitual demostrant respecte envers l\u2019entorn.<\/li>\n<li>Con\u00e8ixer la realitat esportiva de l\u2019entorn i els recursos que s\u2019ofereixen per a la pr\u00e0ctica de l\u2019activitat f\u00edsica com una manera m\u00e9s d\u2019utilitzar el temps lliure.<\/li>\n<li>Valorar la const\u00e0ncia i l\u2019esfor\u00e7 com a inversi\u00f3 per assolir els seus objectius en un futur.<\/li>\n<\/ul>\n<p><img loading=\"lazy\" decoding=\"async\" class=\" wp-image-1658 aligncenter\" src=\"https:\/\/agora.xtec.cat\/iesicilia\/wp-content\/uploads\/usu2573\/2024\/01\/IMG20230223121111-1024x768.jpg\" alt=\"\" width=\"344\" height=\"258\" srcset=\"https:\/\/agora.xtec.cat\/iesicilia\/wp-content\/uploads\/usu2573\/2024\/01\/IMG20230223121111-1024x768.jpg 1024w, https:\/\/agora.xtec.cat\/iesicilia\/wp-content\/uploads\/usu2573\/2024\/01\/IMG20230223121111-300x225.jpg 300w, https:\/\/agora.xtec.cat\/iesicilia\/wp-content\/uploads\/usu2573\/2024\/01\/IMG20230223121111-768x576.jpg 768w, https:\/\/agora.xtec.cat\/iesicilia\/wp-content\/uploads\/usu2573\/2024\/01\/IMG20230223121111-1536x1152.jpg 1536w, https:\/\/agora.xtec.cat\/iesicilia\/wp-content\/uploads\/usu2573\/2024\/01\/IMG20230223121111-2048x1536.jpg 2048w, https:\/\/agora.xtec.cat\/iesicilia\/wp-content\/uploads\/usu2573\/2024\/01\/IMG20230223121111-200x150.jpg 200w\" sizes=\"auto, (max-width: 344px) 100vw, 344px\" \/><\/p>\n","protected":false},"excerpt":{"rendered":"<p>L&#8217;equip docent del centre ent\u00e9n que els nostres alumnes viuen a prop d&#8217;un medi que no dominem, l&#8217;aqu\u00e0tic, i volem dotar-los dels coneixements suficients perqu\u00e8 puguin desenvolupar-se en aquest medi de manera segura i eficient. Per una altra banda, el nivell d&#8217;abandonament de la pr\u00e0ctica esportiva i l&#8217;augment del sedentarisme en els estudiants, sobretot de [&hellip;]<\/p>\n","protected":false},"author":1,"featured_media":1658,"comment_status":"open","ping_status":"closed","sticky":false,"template":"","format":"standard","meta":{"_bbp_topic_count":0,"_bbp_reply_count":0,"_bbp_total_topic_count":0,"_bbp_total_reply_count":0,"_bbp_voice_count":0,"_bbp_anonymous_reply_count":0,"_bbp_topic_count_hidden":0,"_bbp_reply_count_hidden":0,"_bbp_forum_subforum_count":0,"site-sidebar-layout":"default","site-content-layout":"","ast-site-content-layout":"","site-content-style":"default","site-sidebar-style":"default","ast-global-header-display":"","ast-banner-title-visibility":"","ast-main-header-display":"","ast-hfb-above-header-display":"","ast-hfb-below-header-display":"","ast-hfb-mobile-header-display":"","site-post-title":"","ast-breadcrumbs-content":"","ast-featured-img":"","footer-sml-layout":"","theme-transparent-header-meta":"","adv-header-id-meta":"","stick-header-meta":"","header-above-stick-meta":"","header-main-stick-meta":"","header-below-stick-meta":"","astra-migrate-meta-layouts":"default","ast-page-background-enabled":"default","ast-page-background-meta":{"desktop":{"background-color":"var(--ast-global-color-4)","background-image":"","background-repeat":"repeat","background-position":"center center","background-size":"auto","background-attachment":"scroll","background-type":"","background-media":"","overlay-type":"","overlay-color":"","overlay-opacity":"","overlay-gradient":""},"tablet":{"background-color":"","background-image":"","background-repeat":"repeat","background-position":"center center","background-size":"auto","background-attachment":"scroll","background-type":"","background-media":"","overlay-type":"","overlay-color":"","overlay-opacity":"","overlay-gradient":""},"mobile":{"background-color":"","background-image":"","background-repeat":"repeat","background-position":"center center","background-size":"auto","background-attachment":"scroll","background-type":"","background-media":"","overlay-type":"","overlay-color":"","overlay-opacity":"","overlay-gradient":""}},"ast-content-background-meta":{"desktop":{"background-color":"var(--ast-global-color-5)","background-image":"","background-repeat":"repeat","background-position":"center center","background-size":"auto","background-attachment":"scroll","background-type":"","background-media":"","overlay-type":"","overlay-color":"","overlay-opacity":"","overlay-gradient":""},"tablet":{"background-color":"var(--ast-global-color-5)","background-image":"","background-repeat":"repeat","background-position":"center center","background-size":"auto","background-attachment":"scroll","background-type":"","background-media":"","overlay-type":"","overlay-color":"","overlay-opacity":"","overlay-gradient":""},"mobile":{"background-color":"var(--ast-global-color-5)","background-image":"","background-repeat":"repeat","background-position":"center center","background-size":"auto","background-attachment":"scroll","background-type":"","background-media":"","overlay-type":"","overlay-color":"","overlay-opacity":"","overlay-gradient":""}},"footnotes":""},"categories":[1,29],"tags":[145,144,143],"class_list":["post-1641","post","type-post","status-publish","format-standard","has-post-thumbnail","hentry","category-general","category-portada","tag-educacio-fisica","tag-esports","tag-projectes"],"post_mailing_queue_ids":[],"_links":{"self":[{"href":"https:\/\/agora.xtec.cat\/iesicilia\/wp-json\/wp\/v2\/posts\/1641","targetHints":{"allow":["GET"]}}],"collection":[{"href":"https:\/\/agora.xtec.cat\/iesicilia\/wp-json\/wp\/v2\/posts"}],"about":[{"href":"https:\/\/agora.xtec.cat\/iesicilia\/wp-json\/wp\/v2\/types\/post"}],"author":[{"embeddable":true,"href":"https:\/\/agora.xtec.cat\/iesicilia\/wp-json\/wp\/v2\/users\/1"}],"replies":[{"embeddable":true,"href":"https:\/\/agora.xtec.cat\/iesicilia\/wp-json\/wp\/v2\/comments?post=1641"}],"version-history":[{"count":6,"href":"https:\/\/agora.xtec.cat\/iesicilia\/wp-json\/wp\/v2\/posts\/1641\/revisions"}],"predecessor-version":[{"id":1660,"href":"https:\/\/agora.xtec.cat\/iesicilia\/wp-json\/wp\/v2\/posts\/1641\/revisions\/1660"}],"wp:featuredmedia":[{"embeddable":true,"href":"https:\/\/agora.xtec.cat\/iesicilia\/wp-json\/wp\/v2\/media\/1658"}],"wp:attachment":[{"href":"https:\/\/agora.xtec.cat\/iesicilia\/wp-json\/wp\/v2\/media?parent=1641"}],"wp:term":[{"taxonomy":"category","embeddable":true,"href":"https:\/\/agora.xtec.cat\/iesicilia\/wp-json\/wp\/v2\/categories?post=1641"},{"taxonomy":"post_tag","embeddable":true,"href":"https:\/\/agora.xtec.cat\/iesicilia\/wp-json\/wp\/v2\/tags?post=1641"}],"curies":[{"name":"wp","href":"https:\/\/api.w.org\/{rel}","templated":true}]}}