{"id":1179,"date":"2022-04-27T12:20:31","date_gmt":"2022-04-27T10:20:31","guid":{"rendered":"https:\/\/agora.xtec.cat\/iesicilia\/?p=1179"},"modified":"2022-05-12T10:13:43","modified_gmt":"2022-05-12T08:13:43","slug":"proves-de-competencies-basiques-a-sise-deducacio-primaria","status":"publish","type":"post","link":"https:\/\/agora.xtec.cat\/iesicilia\/portada\/proves-de-competencies-basiques-a-sise-deducacio-primaria\/","title":{"rendered":"Proves de compet\u00e8ncies b\u00e0siques a 6\u00e8 d&#8217;Educaci\u00f3 Prim\u00e0ria"},"content":{"rendered":"<p style=\"text-align: justify;\">Els dies 26, 27 i 28 (dijous) d&#8217;abril de 2022, al mat\u00ed, els alumnes de 6\u00e8 d&#8217;educaci\u00f3 prim\u00e0ria realitzaran les proves de compet\u00e8ncies b\u00e0siques en cinc sessions:<\/p>\n<ul style=\"text-align: justify;\">\n<li>El dimarts dia 26: llengua catalana i llengua estrangera (angl\u00e8s).<\/li>\n<li>El dimecres dia 27: llengua castellana i matem\u00e0tiques.<\/li>\n<li>El dijous dia 28: coneixement del medi natural.<\/li>\n<\/ul>\n<p style=\"text-align: justify;\">La durada de cada prova \u00e9s de 60 minuts i s&#8217;aplica de manera simult\u00e0nia a tots els centres que imparteixen educaci\u00f3 prim\u00e0ria de Catalunya.<\/p>\n<h6>QU\u00c8 S\u00d3N LES PROVES DE COMPET\u00c8NCIES B\u00c0SIQUES?<\/h6>\n<p><a href=\"https:\/\/agora.xtec.cat\/iesicilia\/wp-content\/uploads\/usu2573\/2022\/04\/Amarillo-Negro-Foto-Cuadro-de-Mando-Integral-Diagrama.png\"><img loading=\"lazy\" decoding=\"async\" class=\"aligncenter wp-image-1181 size-full\" src=\"https:\/\/agora.xtec.cat\/iesicilia\/wp-content\/uploads\/usu2573\/2022\/04\/Amarillo-Negro-Foto-Cuadro-de-Mando-Integral-Diagrama.png\" alt=\"\" width=\"1024\" height=\"768\" srcset=\"https:\/\/agora.xtec.cat\/iesicilia\/wp-content\/uploads\/usu2573\/2022\/04\/Amarillo-Negro-Foto-Cuadro-de-Mando-Integral-Diagrama.png 1024w, https:\/\/agora.xtec.cat\/iesicilia\/wp-content\/uploads\/usu2573\/2022\/04\/Amarillo-Negro-Foto-Cuadro-de-Mando-Integral-Diagrama-300x225.png 300w, https:\/\/agora.xtec.cat\/iesicilia\/wp-content\/uploads\/usu2573\/2022\/04\/Amarillo-Negro-Foto-Cuadro-de-Mando-Integral-Diagrama-768x576.png 768w, https:\/\/agora.xtec.cat\/iesicilia\/wp-content\/uploads\/usu2573\/2022\/04\/Amarillo-Negro-Foto-Cuadro-de-Mando-Integral-Diagrama-200x150.png 200w\" sizes=\"auto, (max-width: 1024px) 100vw, 1024px\" \/><\/a><\/p>\n<p><a href=\"http:\/\/csda.gencat.cat\/web\/.content\/home\/arees-actuacio\/avaluacions\/avaluacio-sise-primaria\/avaluacio_sise_primaria_2022\/families.pdf\" target=\"_blank\" rel=\"noopener\">En vols saber m\u00e9s?<\/a><\/p>\n","protected":false},"excerpt":{"rendered":"<p>Els dies 26, 27 i 28 (dijous) d&#8217;abril de 2022, al mat\u00ed, els alumnes de 6\u00e8 d&#8217;educaci\u00f3 prim\u00e0ria realitzaran les proves de compet\u00e8ncies b\u00e0siques en cinc sessions: El dimarts dia 26: llengua catalana i llengua estrangera (angl\u00e8s). El dimecres dia 27: llengua castellana i matem\u00e0tiques. El dijous dia 28: coneixement del medi natural. La durada [&hellip;]<\/p>\n","protected":false},"author":1,"featured_media":1185,"comment_status":"open","ping_status":"closed","sticky":false,"template":"","format":"standard","meta":{"_bbp_topic_count":0,"_bbp_reply_count":0,"_bbp_total_topic_count":0,"_bbp_total_reply_count":0,"_bbp_voice_count":0,"_bbp_anonymous_reply_count":0,"_bbp_topic_count_hidden":0,"_bbp_reply_count_hidden":0,"_bbp_forum_subforum_count":0,"site-sidebar-layout":"default","site-content-layout":"","ast-site-content-layout":"","site-content-style":"default","site-sidebar-style":"default","ast-global-header-display":"","ast-banner-title-visibility":"","ast-main-header-display":"","ast-hfb-above-header-display":"","ast-hfb-below-header-display":"","ast-hfb-mobile-header-display":"","site-post-title":"","ast-breadcrumbs-content":"","ast-featured-img":"","footer-sml-layout":"","theme-transparent-header-meta":"","adv-header-id-meta":"","stick-header-meta":"","header-above-stick-meta":"","header-main-stick-meta":"","header-below-stick-meta":"","astra-migrate-meta-layouts":"default","ast-page-background-enabled":"default","ast-page-background-meta":{"desktop":{"background-color":"var(--ast-global-color-4)","background-image":"","background-repeat":"repeat","background-position":"center center","background-size":"auto","background-attachment":"scroll","background-type":"","background-media":"","overlay-type":"","overlay-color":"","overlay-opacity":"","overlay-gradient":""},"tablet":{"background-color":"","background-image":"","background-repeat":"repeat","background-position":"center center","background-size":"auto","background-attachment":"scroll","background-type":"","background-media":"","overlay-type":"","overlay-color":"","overlay-opacity":"","overlay-gradient":""},"mobile":{"background-color":"","background-image":"","background-repeat":"repeat","background-position":"center center","background-size":"auto","background-attachment":"scroll","background-type":"","background-media":"","overlay-type":"","overlay-color":"","overlay-opacity":"","overlay-gradient":""}},"ast-content-background-meta":{"desktop":{"background-color":"var(--ast-global-color-5)","background-image":"","background-repeat":"repeat","background-position":"center center","background-size":"auto","background-attachment":"scroll","background-type":"","background-media":"","overlay-type":"","overlay-color":"","overlay-opacity":"","overlay-gradient":""},"tablet":{"background-color":"var(--ast-global-color-5)","background-image":"","background-repeat":"repeat","background-position":"center center","background-size":"auto","background-attachment":"scroll","background-type":"","background-media":"","overlay-type":"","overlay-color":"","overlay-opacity":"","overlay-gradient":""},"mobile":{"background-color":"var(--ast-global-color-5)","background-image":"","background-repeat":"repeat","background-position":"center center","background-size":"auto","background-attachment":"scroll","background-type":"","background-media":"","overlay-type":"","overlay-color":"","overlay-opacity":"","overlay-gradient":""}},"footnotes":""},"categories":[29],"tags":[131,129,130],"class_list":["post-1179","post","type-post","status-publish","format-standard","has-post-thumbnail","hentry","category-portada","tag-6e","tag-competencies-basiques","tag-sise"],"post_mailing_queue_ids":[],"_links":{"self":[{"href":"https:\/\/agora.xtec.cat\/iesicilia\/wp-json\/wp\/v2\/posts\/1179","targetHints":{"allow":["GET"]}}],"collection":[{"href":"https:\/\/agora.xtec.cat\/iesicilia\/wp-json\/wp\/v2\/posts"}],"about":[{"href":"https:\/\/agora.xtec.cat\/iesicilia\/wp-json\/wp\/v2\/types\/post"}],"author":[{"embeddable":true,"href":"https:\/\/agora.xtec.cat\/iesicilia\/wp-json\/wp\/v2\/users\/1"}],"replies":[{"embeddable":true,"href":"https:\/\/agora.xtec.cat\/iesicilia\/wp-json\/wp\/v2\/comments?post=1179"}],"version-history":[{"count":3,"href":"https:\/\/agora.xtec.cat\/iesicilia\/wp-json\/wp\/v2\/posts\/1179\/revisions"}],"predecessor-version":[{"id":1219,"href":"https:\/\/agora.xtec.cat\/iesicilia\/wp-json\/wp\/v2\/posts\/1179\/revisions\/1219"}],"wp:featuredmedia":[{"embeddable":true,"href":"https:\/\/agora.xtec.cat\/iesicilia\/wp-json\/wp\/v2\/media\/1185"}],"wp:attachment":[{"href":"https:\/\/agora.xtec.cat\/iesicilia\/wp-json\/wp\/v2\/media?parent=1179"}],"wp:term":[{"taxonomy":"category","embeddable":true,"href":"https:\/\/agora.xtec.cat\/iesicilia\/wp-json\/wp\/v2\/categories?post=1179"},{"taxonomy":"post_tag","embeddable":true,"href":"https:\/\/agora.xtec.cat\/iesicilia\/wp-json\/wp\/v2\/tags?post=1179"}],"curies":[{"name":"wp","href":"https:\/\/api.w.org\/{rel}","templated":true}]}}