{"id":3063,"date":"2026-09-04T12:51:03","date_gmt":"2026-09-04T10:51:03","guid":{"rendered":"https:\/\/agora.xtec.cat\/iesicaria\/?p=3063"},"modified":"2026-09-04T14:01:50","modified_gmt":"2026-09-04T12:01:50","slug":"inici-del-curs-2026-27","status":"publish","type":"post","link":"https:\/\/agora.xtec.cat\/iesicaria\/general\/inici-del-curs-2026-27\/","title":{"rendered":"Inici del curs 2026-27"},"content":{"rendered":"\n<h3 class=\"wp-block-heading\"><strong>1. Horaris d&#8217;inici de curs<\/strong><\/h3>\n\n\n\n<ul class=\"wp-block-list\">\n<li><strong>Dimarts, 8 de setembre (Presentaci\u00f3 del curs)<\/strong><strong><br><\/strong>L\u2019alumnat es dirigir\u00e0 a la sala polivalent on tindr\u00e0 lloc la presentaci\u00f3 amb l\u2019equip directiu, la coordinaci\u00f3 de nivell i el tutor\/a per explicar l&#8217;organitzaci\u00f3 del curs (grup, mat\u00e8ries, horaris i professorat).\n<ul class=\"wp-block-list\">\n<li><strong>E1 (1r d&#8217;ESO):<\/strong> de 10:00 h a 12:00 h<\/li>\n\n\n\n<li><strong>E2 (2n d&#8217;ESO):<\/strong> de 10:30 h a 12:15 h<\/li>\n\n\n\n<li><strong>E3 (3r d&#8217;ESO):<\/strong> de 11:00 h a 12:30 h<\/li>\n\n\n\n<li><strong>E4 (4t d&#8217;ESO):<\/strong> de 11:30 h a 13:00 h<\/li>\n\n\n\n<li><strong>B1 (1r de Batxillerat):<\/strong> de 12:00 h a 13:15 h<\/li>\n\n\n\n<li><strong>B2 (2n de Batxillerat):<\/strong> de 12:30 h a 13:30 h<\/li>\n<\/ul>\n<\/li>\n\n\n\n<li><strong>Dimarts, 9 de setembre (Inici de les classes ordin\u00e0ries)<\/strong><strong><br><\/strong>Tots els nivells comen\u00e7aran les classes en l&#8217;horari habitual: <strong>de 8:00 h a 14:40 h<\/strong>.<\/li>\n<\/ul>\n\n\n\n<h3 class=\"wp-block-heading\"><strong>2. Informaci\u00f3 d&#8217;inter\u00e8s i material<\/strong><\/h3>\n\n\n\n<ul class=\"wp-block-list\">\n<li><strong>Menjador:<\/strong> El dilluns 8 de setembre <strong>no hi haur\u00e0 servei de menjador<\/strong>. El servei s&#8217;iniciar\u00e0 el dimecres 9.<\/li>\n\n\n\n<li><strong>Material per al primer dia (8 de setembre):<\/strong> L&#8217;alumnat d&#8217;ESO nom\u00e9s cal que porti una carpeta amb fulls i un bol\u00edgraf. A partir del dimarts 9, el professorat anir\u00e0 indicant el material espec\u00edfic de cada mat\u00e8ria.<\/li>\n\n\n\n<li><strong>Armariets:<\/strong> Tot l&#8217;alumnat ha de portar un <strong>cadenat<\/strong> per al seu armariet a partir del dimarts 9.<\/li>\n<\/ul>\n\n\n\n<p><strong>A hores d\u2019ara hi ha convocada una vaga de personal docent per al dilluns 8 de setembre. En cas que no es desconvoqui, el centre nom\u00e9s podr\u00e0 garantir els serveis m\u00ednims.<\/strong><\/p>\n","protected":false},"excerpt":{"rendered":"<p>1. Horaris d&#8217;inici de curs 2. Informaci\u00f3 d&#8217;inter\u00e8s i material A hores d\u2019ara hi ha convocada una vaga de personal docent per al dilluns 8 de setembre. En cas que no es desconvoqui, el centre nom\u00e9s podr\u00e0 garantir els serveis m\u00ednims.<\/p>\n","protected":false},"author":1,"featured_media":3064,"comment_status":"open","ping_status":"open","sticky":false,"template":"","format":"standard","meta":{"_bbp_topic_count":0,"_bbp_reply_count":0,"_bbp_total_topic_count":0,"_bbp_total_reply_count":0,"_bbp_voice_count":0,"_bbp_anonymous_reply_count":0,"_bbp_topic_count_hidden":0,"_bbp_reply_count_hidden":0,"_bbp_forum_subforum_count":0,"site-sidebar-layout":"default","site-content-layout":"","ast-site-content-layout":"default","site-content-style":"default","site-sidebar-style":"default","ast-global-header-display":"","ast-banner-title-visibility":"","ast-main-header-display":"","ast-hfb-above-header-display":"","ast-hfb-below-header-display":"","ast-hfb-mobile-header-display":"","site-post-title":"","ast-breadcrumbs-content":"","ast-featured-img":"","footer-sml-layout":"","theme-transparent-header-meta":"","adv-header-id-meta":"","stick-header-meta":"","header-above-stick-meta":"","header-main-stick-meta":"","header-below-stick-meta":"","astra-migrate-meta-layouts":"set","ast-page-background-enabled":"default","ast-page-background-meta":{"desktop":{"background-color":"var(--ast-global-color-4)","background-image":"","background-repeat":"repeat","background-position":"center center","background-size":"auto","background-attachment":"scroll","background-type":"","background-media":"","overlay-type":"","overlay-color":"","overlay-opacity":"","overlay-gradient":""},"tablet":{"background-color":"","background-image":"","background-repeat":"repeat","background-position":"center center","background-size":"auto","background-attachment":"scroll","background-type":"","background-media":"","overlay-type":"","overlay-color":"","overlay-opacity":"","overlay-gradient":""},"mobile":{"background-color":"","background-image":"","background-repeat":"repeat","background-position":"center center","background-size":"auto","background-attachment":"scroll","background-type":"","background-media":"","overlay-type":"","overlay-color":"","overlay-opacity":"","overlay-gradient":""}},"ast-content-background-meta":{"desktop":{"background-color":"var(--ast-global-color-5)","background-image":"","background-repeat":"repeat","background-position":"center center","background-size":"auto","background-attachment":"scroll","background-type":"","background-media":"","overlay-type":"","overlay-color":"","overlay-opacity":"","overlay-gradient":""},"tablet":{"background-color":"var(--ast-global-color-5)","background-image":"","background-repeat":"repeat","background-position":"center center","background-size":"auto","background-attachment":"scroll","background-type":"","background-media":"","overlay-type":"","overlay-color":"","overlay-opacity":"","overlay-gradient":""},"mobile":{"background-color":"var(--ast-global-color-5)","background-image":"","background-repeat":"repeat","background-position":"center center","background-size":"auto","background-attachment":"scroll","background-type":"","background-media":"","overlay-type":"","overlay-color":"","overlay-opacity":"","overlay-gradient":""}},"footnotes":""},"categories":[1,29],"tags":[],"class_list":["post-3063","post","type-post","status-publish","format-standard","has-post-thumbnail","hentry","category-general","category-portada"],"post_mailing_queue_ids":[],"_links":{"self":[{"href":"https:\/\/agora.xtec.cat\/iesicaria\/wp-json\/wp\/v2\/posts\/3063","targetHints":{"allow":["GET"]}}],"collection":[{"href":"https:\/\/agora.xtec.cat\/iesicaria\/wp-json\/wp\/v2\/posts"}],"about":[{"href":"https:\/\/agora.xtec.cat\/iesicaria\/wp-json\/wp\/v2\/types\/post"}],"author":[{"embeddable":true,"href":"https:\/\/agora.xtec.cat\/iesicaria\/wp-json\/wp\/v2\/users\/1"}],"replies":[{"embeddable":true,"href":"https:\/\/agora.xtec.cat\/iesicaria\/wp-json\/wp\/v2\/comments?post=3063"}],"version-history":[{"count":2,"href":"https:\/\/agora.xtec.cat\/iesicaria\/wp-json\/wp\/v2\/posts\/3063\/revisions"}],"predecessor-version":[{"id":3066,"href":"https:\/\/agora.xtec.cat\/iesicaria\/wp-json\/wp\/v2\/posts\/3063\/revisions\/3066"}],"wp:featuredmedia":[{"embeddable":true,"href":"https:\/\/agora.xtec.cat\/iesicaria\/wp-json\/wp\/v2\/media\/3064"}],"wp:attachment":[{"href":"https:\/\/agora.xtec.cat\/iesicaria\/wp-json\/wp\/v2\/media?parent=3063"}],"wp:term":[{"taxonomy":"category","embeddable":true,"href":"https:\/\/agora.xtec.cat\/iesicaria\/wp-json\/wp\/v2\/categories?post=3063"},{"taxonomy":"post_tag","embeddable":true,"href":"https:\/\/agora.xtec.cat\/iesicaria\/wp-json\/wp\/v2\/tags?post=3063"}],"curies":[{"name":"wp","href":"https:\/\/api.w.org\/{rel}","templated":true}]}}