{"id":2930,"date":"2026-04-17T19:29:15","date_gmt":"2026-04-17T17:29:15","guid":{"rendered":"https:\/\/agora.xtec.cat\/iesicaria\/?p=2930"},"modified":"2026-04-17T19:29:16","modified_gmt":"2026-04-17T17:29:16","slug":"lalumnat-de-4t-deso-participa-en-lactivitat-consell-de-les-persones-savies","status":"publish","type":"post","link":"https:\/\/agora.xtec.cat\/iesicaria\/eso\/eso-4\/lalumnat-de-4t-deso-participa-en-lactivitat-consell-de-les-persones-savies\/","title":{"rendered":"L\u2019alumnat de 4t d\u2019ESO participa en l\u2019activitat \u201cConsell de les persones (S)\u00e0vies\u201d"},"content":{"rendered":"\n<div class=\"wp-block-columns is-layout-flex wp-container-core-columns-is-layout-1 wp-block-columns-is-layout-flex\">\n<div class=\"wp-block-column is-layout-flow wp-block-column-is-layout-flow\">\n<p>L\u2019alumnat de 4t d\u2019ESO de l\u2019Institut Ic\u00e0ria ha participat recentment en l\u2019activitat \u201cConsell de les persones s\u00e0vies\u201d, una proposta educativa del Museu d\u2019Hist\u00f2ria de Catalunya.<\/p>\n\n\n\n<p>Durant la sessi\u00f3, els i les estudiants han tingut l\u2019oportunitat d\u2019escoltar i dialogar amb els (S)avis&nbsp;i (S)\u00e0vies del Museu, testimonis directes d\u2019una \u00e8poca clau de la nostra hist\u00f2ria. A trav\u00e9s dels seus relats, han pogut con\u00e8ixer de primera m\u00e0 com es va viure la Dictadura Franquista, aix\u00ed com les experi\u00e8ncies personals i els aprenentatges que n\u2019han extret.<\/p>\n\n\n\n<p>L\u2019activitat ha esdevingut un espai de reflexi\u00f3 compartida, en qu\u00e8 l\u2019alumnat ha pogut connectar el passat amb el present i plantejar-se el seu paper en el futur. A partir d\u2019aquest di\u00e0leg intergeneracional, s\u2019ha reflexionat sobre els aven\u00e7os assolits com a societat i els reptes que encara queden per afrontar.<\/p>\n\n\n\n<p>Des del centre es valora molt positivament aquesta experi\u00e8ncia, que contribueix a fomentar el pensament cr\u00edtic, la mem\u00f2ria hist\u00f2rica i el comprom\u00eds social de l\u2019alumnat.<\/p>\n<\/div>\n\n\n\n<div class=\"wp-block-column is-layout-flow wp-block-column-is-layout-flow\">\n<figure class=\"wp-block-image size-full\"><a href=\"https:\/\/photos.app.goo.gl\/wYec5BY3WwLJL7NbA\"><img loading=\"lazy\" decoding=\"async\" width=\"654\" height=\"1024\" src=\"https:\/\/agora.xtec.cat\/iesicaria\/wp-content\/uploads\/usu2339\/2026\/04\/Portada-2026-Consell-de-les-persones-Savies.jpg\" alt=\"\" class=\"wp-image-2931\" srcset=\"https:\/\/agora.xtec.cat\/iesicaria\/wp-content\/uploads\/usu2339\/2026\/04\/Portada-2026-Consell-de-les-persones-Savies.jpg 654w, https:\/\/agora.xtec.cat\/iesicaria\/wp-content\/uploads\/usu2339\/2026\/04\/Portada-2026-Consell-de-les-persones-Savies-192x300.jpg 192w\" sizes=\"auto, (max-width: 654px) 100vw, 654px\" \/><\/a><\/figure>\n\n\n\n<p>Podeu veure m\u00e9s imatges a <a href=\"https:\/\/photos.app.goo.gl\/wYec5BY3WwLJL7NbA\">l&#8217;\u00e0lbum de l&#8217;activitat<\/a>.<\/p>\n<\/div>\n<\/div>\n","protected":false},"excerpt":{"rendered":"<p>L\u2019alumnat de 4t d\u2019ESO de l\u2019Institut Ic\u00e0ria ha participat recentment en l\u2019activitat \u201cConsell de les persones s\u00e0vies\u201d, una proposta educativa del Museu d\u2019Hist\u00f2ria de Catalunya. Durant la sessi\u00f3, els i les estudiants han tingut l\u2019oportunitat d\u2019escoltar i dialogar amb els (S)avis&nbsp;i (S)\u00e0vies del Museu, testimonis directes d\u2019una \u00e8poca clau de la nostra hist\u00f2ria. A trav\u00e9s [&hellip;]<\/p>\n","protected":false},"author":1,"featured_media":2931,"comment_status":"open","ping_status":"open","sticky":false,"template":"","format":"standard","meta":{"_bbp_topic_count":0,"_bbp_reply_count":0,"_bbp_total_topic_count":0,"_bbp_total_reply_count":0,"_bbp_voice_count":0,"_bbp_anonymous_reply_count":0,"_bbp_topic_count_hidden":0,"_bbp_reply_count_hidden":0,"_bbp_forum_subforum_count":0,"site-sidebar-layout":"default","site-content-layout":"","ast-site-content-layout":"default","site-content-style":"default","site-sidebar-style":"default","ast-global-header-display":"","ast-banner-title-visibility":"","ast-main-header-display":"","ast-hfb-above-header-display":"","ast-hfb-below-header-display":"","ast-hfb-mobile-header-display":"","site-post-title":"","ast-breadcrumbs-content":"","ast-featured-img":"","footer-sml-layout":"","theme-transparent-header-meta":"","adv-header-id-meta":"","stick-header-meta":"","header-above-stick-meta":"","header-main-stick-meta":"","header-below-stick-meta":"","astra-migrate-meta-layouts":"set","ast-page-background-enabled":"default","ast-page-background-meta":{"desktop":{"background-color":"var(--ast-global-color-4)","background-image":"","background-repeat":"repeat","background-position":"center center","background-size":"auto","background-attachment":"scroll","background-type":"","background-media":"","overlay-type":"","overlay-color":"","overlay-opacity":"","overlay-gradient":""},"tablet":{"background-color":"","background-image":"","background-repeat":"repeat","background-position":"center center","background-size":"auto","background-attachment":"scroll","background-type":"","background-media":"","overlay-type":"","overlay-color":"","overlay-opacity":"","overlay-gradient":""},"mobile":{"background-color":"","background-image":"","background-repeat":"repeat","background-position":"center center","background-size":"auto","background-attachment":"scroll","background-type":"","background-media":"","overlay-type":"","overlay-color":"","overlay-opacity":"","overlay-gradient":""}},"ast-content-background-meta":{"desktop":{"background-color":"var(--ast-global-color-5)","background-image":"","background-repeat":"repeat","background-position":"center center","background-size":"auto","background-attachment":"scroll","background-type":"","background-media":"","overlay-type":"","overlay-color":"","overlay-opacity":"","overlay-gradient":""},"tablet":{"background-color":"var(--ast-global-color-5)","background-image":"","background-repeat":"repeat","background-position":"center center","background-size":"auto","background-attachment":"scroll","background-type":"","background-media":"","overlay-type":"","overlay-color":"","overlay-opacity":"","overlay-gradient":""},"mobile":{"background-color":"var(--ast-global-color-5)","background-image":"","background-repeat":"repeat","background-position":"center center","background-size":"auto","background-attachment":"scroll","background-type":"","background-media":"","overlay-type":"","overlay-color":"","overlay-opacity":"","overlay-gradient":""}},"footnotes":""},"categories":[118,7,29],"tags":[],"class_list":["post-2930","post","type-post","status-publish","format-standard","has-post-thumbnail","hentry","category-activitats","category-eso-4","category-portada"],"post_mailing_queue_ids":[],"_links":{"self":[{"href":"https:\/\/agora.xtec.cat\/iesicaria\/wp-json\/wp\/v2\/posts\/2930","targetHints":{"allow":["GET"]}}],"collection":[{"href":"https:\/\/agora.xtec.cat\/iesicaria\/wp-json\/wp\/v2\/posts"}],"about":[{"href":"https:\/\/agora.xtec.cat\/iesicaria\/wp-json\/wp\/v2\/types\/post"}],"author":[{"embeddable":true,"href":"https:\/\/agora.xtec.cat\/iesicaria\/wp-json\/wp\/v2\/users\/1"}],"replies":[{"embeddable":true,"href":"https:\/\/agora.xtec.cat\/iesicaria\/wp-json\/wp\/v2\/comments?post=2930"}],"version-history":[{"count":1,"href":"https:\/\/agora.xtec.cat\/iesicaria\/wp-json\/wp\/v2\/posts\/2930\/revisions"}],"predecessor-version":[{"id":2932,"href":"https:\/\/agora.xtec.cat\/iesicaria\/wp-json\/wp\/v2\/posts\/2930\/revisions\/2932"}],"wp:featuredmedia":[{"embeddable":true,"href":"https:\/\/agora.xtec.cat\/iesicaria\/wp-json\/wp\/v2\/media\/2931"}],"wp:attachment":[{"href":"https:\/\/agora.xtec.cat\/iesicaria\/wp-json\/wp\/v2\/media?parent=2930"}],"wp:term":[{"taxonomy":"category","embeddable":true,"href":"https:\/\/agora.xtec.cat\/iesicaria\/wp-json\/wp\/v2\/categories?post=2930"},{"taxonomy":"post_tag","embeddable":true,"href":"https:\/\/agora.xtec.cat\/iesicaria\/wp-json\/wp\/v2\/tags?post=2930"}],"curies":[{"name":"wp","href":"https:\/\/api.w.org\/{rel}","templated":true}]}}