{"id":1676,"date":"2024-01-23T09:28:26","date_gmt":"2024-01-23T08:28:26","guid":{"rendered":"https:\/\/agora.xtec.cat\/iesicaria\/?p=1676"},"modified":"2024-03-20T22:04:45","modified_gmt":"2024-03-20T21:04:45","slug":"portes-obertes-2024","status":"publish","type":"post","link":"https:\/\/agora.xtec.cat\/iesicaria\/general\/portes-obertes-2024\/","title":{"rendered":"Portes obertes 2024"},"content":{"rendered":"\n<figure class=\"wp-block-image size-full\"><a href=\"https:\/\/agora.xtec.cat\/iesicaria\/wp-content\/uploads\/usu2339\/2023\/07\/Imatge-facana.jpg\"><img loading=\"lazy\" decoding=\"async\" width=\"931\" height=\"322\" src=\"https:\/\/agora.xtec.cat\/iesicaria\/wp-content\/uploads\/usu2339\/2023\/07\/Imatge-facana.jpg\" alt=\"Fa\u00e7ana Institut Ic\u00e0ria\" class=\"wp-image-939\" srcset=\"https:\/\/agora.xtec.cat\/iesicaria\/wp-content\/uploads\/usu2339\/2023\/07\/Imatge-facana.jpg 931w, https:\/\/agora.xtec.cat\/iesicaria\/wp-content\/uploads\/usu2339\/2023\/07\/Imatge-facana-300x104.jpg 300w, https:\/\/agora.xtec.cat\/iesicaria\/wp-content\/uploads\/usu2339\/2023\/07\/Imatge-facana-768x266.jpg 768w\" sizes=\"auto, (max-width: 931px) 100vw, 931px\" \/><\/a><\/figure>\n\n\n\n<p class=\"has-text-align-center\">  <\/p>\n\n\n\n<p class=\"has-text-align-center\"><strong>ESO. Dissabte&nbsp;24 de febrer a partir de les 10:00 h<\/strong><\/p>\n\n\n\n<p class=\"has-text-align-center\"><strong>Batxillerat i Batxibac. Dimecres 20 de mar\u00e7 a les 17:00 h<\/strong><\/p>\n\n\n\n<p><s>Per a l&#8217;ESO podeu triar el torn que us vagi millor contestant el formulari de portes obertes ESO. Es tancaran els torns a mesura que quedin plens.<\/s> <\/p>\n\n\n\n<p>Actualment, tots els torns d&#8217;ESO estan complets i ja no ens \u00e9s possible encabir m\u00e9s fam\u00edlies.<\/p>\n\n\n\n<p>Si us hi voleu inscriure a batxillerat o batxibac, contesteu el <a href=\"https:\/\/forms.gle\/2yuicLtA6MmdtKGK9\">formulari portes obertes batxillerat<\/a> seg\u00fcent i aix\u00ed us podrem atendre millor.<\/p>\n\n\n\n<p>Rebreu la confirmaci\u00f3 del torn per correu electr\u00f2nic uns dies abans de la jornada de portes obertes.<\/p>\n\n\n\n<p>M\u00e9s informaci\u00f3 a <a href=\"https:\/\/agora.xtec.cat\/iesicaria\/eso\/portes-obertes\/\" data-type=\"link\" data-id=\"https:\/\/agora.xtec.cat\/iesicaria\/eso\/portes-obertes\/\">Portes Obertes ESO<\/a> i <a href=\"https:\/\/agora.xtec.cat\/iesicaria\/batxillerat\/portes-obertes-batxillerat\/\" data-type=\"link\" data-id=\"https:\/\/agora.xtec.cat\/iesicaria\/batxillerat\/portes-obertes-batxillerat\/\">Portes Obertes Batxillerat\/Batxibac<\/a>.<\/p>\n","protected":false},"excerpt":{"rendered":"<p>ESO. Dissabte&nbsp;24 de febrer a partir de les 10:00 h Batxillerat i Batxibac. Dimecres 20 de mar\u00e7 a les 17:00 h Per a l&#8217;ESO podeu triar el torn que us vagi millor contestant el formulari de portes obertes ESO. Es tancaran els torns a mesura que quedin plens. Actualment, tots els torns d&#8217;ESO estan complets [&hellip;]<\/p>\n","protected":false},"author":1,"featured_media":939,"comment_status":"open","ping_status":"open","sticky":false,"template":"","format":"standard","meta":{"_bbp_topic_count":0,"_bbp_reply_count":0,"_bbp_total_topic_count":0,"_bbp_total_reply_count":0,"_bbp_voice_count":0,"_bbp_anonymous_reply_count":0,"_bbp_topic_count_hidden":0,"_bbp_reply_count_hidden":0,"_bbp_forum_subforum_count":0,"site-sidebar-layout":"default","site-content-layout":"","ast-site-content-layout":"","site-content-style":"default","site-sidebar-style":"default","ast-global-header-display":"","ast-banner-title-visibility":"","ast-main-header-display":"","ast-hfb-above-header-display":"","ast-hfb-below-header-display":"","ast-hfb-mobile-header-display":"","site-post-title":"","ast-breadcrumbs-content":"","ast-featured-img":"","footer-sml-layout":"","theme-transparent-header-meta":"","adv-header-id-meta":"","stick-header-meta":"","header-above-stick-meta":"","header-main-stick-meta":"","header-below-stick-meta":"","astra-migrate-meta-layouts":"default","ast-page-background-enabled":"default","ast-page-background-meta":{"desktop":{"background-color":"var(--ast-global-color-4)","background-image":"","background-repeat":"repeat","background-position":"center center","background-size":"auto","background-attachment":"scroll","background-type":"","background-media":"","overlay-type":"","overlay-color":"","overlay-opacity":"","overlay-gradient":""},"tablet":{"background-color":"","background-image":"","background-repeat":"repeat","background-position":"center center","background-size":"auto","background-attachment":"scroll","background-type":"","background-media":"","overlay-type":"","overlay-color":"","overlay-opacity":"","overlay-gradient":""},"mobile":{"background-color":"","background-image":"","background-repeat":"repeat","background-position":"center center","background-size":"auto","background-attachment":"scroll","background-type":"","background-media":"","overlay-type":"","overlay-color":"","overlay-opacity":"","overlay-gradient":""}},"ast-content-background-meta":{"desktop":{"background-color":"var(--ast-global-color-5)","background-image":"","background-repeat":"repeat","background-position":"center center","background-size":"auto","background-attachment":"scroll","background-type":"","background-media":"","overlay-type":"","overlay-color":"","overlay-opacity":"","overlay-gradient":""},"tablet":{"background-color":"var(--ast-global-color-5)","background-image":"","background-repeat":"repeat","background-position":"center center","background-size":"auto","background-attachment":"scroll","background-type":"","background-media":"","overlay-type":"","overlay-color":"","overlay-opacity":"","overlay-gradient":""},"mobile":{"background-color":"var(--ast-global-color-5)","background-image":"","background-repeat":"repeat","background-position":"center center","background-size":"auto","background-attachment":"scroll","background-type":"","background-media":"","overlay-type":"","overlay-color":"","overlay-opacity":"","overlay-gradient":""}},"footnotes":""},"categories":[8,3,1,29],"tags":[133],"class_list":["post-1676","post","type-post","status-publish","format-standard","has-post-thumbnail","hentry","category-batxillerat","category-eso","category-general","category-portada","tag-portes-obertes"],"post_mailing_queue_ids":[],"_links":{"self":[{"href":"https:\/\/agora.xtec.cat\/iesicaria\/wp-json\/wp\/v2\/posts\/1676","targetHints":{"allow":["GET"]}}],"collection":[{"href":"https:\/\/agora.xtec.cat\/iesicaria\/wp-json\/wp\/v2\/posts"}],"about":[{"href":"https:\/\/agora.xtec.cat\/iesicaria\/wp-json\/wp\/v2\/types\/post"}],"author":[{"embeddable":true,"href":"https:\/\/agora.xtec.cat\/iesicaria\/wp-json\/wp\/v2\/users\/1"}],"replies":[{"embeddable":true,"href":"https:\/\/agora.xtec.cat\/iesicaria\/wp-json\/wp\/v2\/comments?post=1676"}],"version-history":[{"count":6,"href":"https:\/\/agora.xtec.cat\/iesicaria\/wp-json\/wp\/v2\/posts\/1676\/revisions"}],"predecessor-version":[{"id":1845,"href":"https:\/\/agora.xtec.cat\/iesicaria\/wp-json\/wp\/v2\/posts\/1676\/revisions\/1845"}],"wp:featuredmedia":[{"embeddable":true,"href":"https:\/\/agora.xtec.cat\/iesicaria\/wp-json\/wp\/v2\/media\/939"}],"wp:attachment":[{"href":"https:\/\/agora.xtec.cat\/iesicaria\/wp-json\/wp\/v2\/media?parent=1676"}],"wp:term":[{"taxonomy":"category","embeddable":true,"href":"https:\/\/agora.xtec.cat\/iesicaria\/wp-json\/wp\/v2\/categories?post=1676"},{"taxonomy":"post_tag","embeddable":true,"href":"https:\/\/agora.xtec.cat\/iesicaria\/wp-json\/wp\/v2\/tags?post=1676"}],"curies":[{"name":"wp","href":"https:\/\/api.w.org\/{rel}","templated":true}]}}