{"id":385,"date":"2014-02-23T09:57:12","date_gmt":"2015-09-11T16:46:06","guid":{"rendered":"http:\/\/agora.xtec.cat\/ieshugroger\/general\/7e-concurs-dangles-interescolar-de-catalunya-the-fonix-2014\/"},"modified":"2016-07-06T11:41:14","modified_gmt":"2016-07-06T10:41:14","slug":"7e-concurs-dangles-interescolar-de-catalunya-the-fonix-2014","status":"publish","type":"post","link":"https:\/\/agora.xtec.cat\/ieshugroger\/general\/7e-concurs-dangles-interescolar-de-catalunya-the-fonix-2014\/","title":{"rendered":"7\u00e8 Concurs d\u2019Angl\u00e8s Interescolar de Catalunya (THE FONIX 2014)"},"content":{"rendered":"<h3><a title=\"Ampliar\" href=\"https:\/\/lh5.googleusercontent.com\/-Z6pyKg5dwZs\/Uwm47ttGEII\/AAAAAAAAbSg\/ffWDSXxEosk\/w571-h429-no\/fonix2014.jpg\"><img loading=\"lazy\" decoding=\"async\" width=\"362\" vspace=\"8\" hspace=\"8\" border=\"2\" align=\"left\" height=\"272\" src=\"https:\/\/lh5.googleusercontent.com\/-Z6pyKg5dwZs\/Uwm47ttGEII\/AAAAAAAAbSg\/ffWDSXxEosk\/w571-h429-no\/fonix2014.jpg\" \/><\/a>7\u00e8 Concurs d\u2019Angl\u00e8s Interescolar de Catalunya (THE FONIX 2014) <br \/><\/h3>\n<p>Aquest any hem tornat a participar al  <strong>7\u00e8 Concurs d\u2019Angl\u00e8s Interescolar de Catalunya<\/strong> (THE FONIX 2014). El concurs \u00e9s una iniciativa que pret\u00e9n complementar els plans de millora de la llengua anglesa als centres educatius de Catalunya i s\u2019organitza amb la finalitat d\u2019estimular i motivar l\u2019aprenentatge d\u2019aquest idioma, atesa la seva import\u00e0ncia a la societat actual.<\/p>\n<p>\nEls finalistes al nostre centre s\u00f3n <strong>Max Gasia Tost <\/strong>(1r ESO), <strong>Josep Sala Marqu\u00e9s<\/strong> (2n ESO), <strong>Maria Querol Canut<\/strong> (3r ESO), <strong>Emma Sebastia Sarroca<\/strong> (4t ESO), <strong>Joep Van Noort<\/strong> (1r Batxillerat) i <strong>Laura Canut Tom\u00e0s<\/strong> (2n Batxillerat).  El <em><strong>dissabte 1 de mar\u00e7<\/strong><\/em> ens representaran a la fase territorial que es dur\u00e0 a terme a Lleida. Desitgem tinguin molta sort!!<\/p>\n<p><em><strong>Good luck to all of you!<\/p>\n<p>Modern<\/strong><\/em><\/p>\n<p> <em>Informa: Foreign Languages Department<\/em> <\/p>\n","protected":false},"excerpt":{"rendered":"<p>7\u00e8 Concurs d\u2019Angl\u00e8s Interescolar de Catalunya (THE FONIX 2014) Aquest any hem tornat a participar al 7\u00e8 Concurs d\u2019Angl\u00e8s Interescolar de Catalunya (THE FONIX 2014). El concurs \u00e9s una iniciativa que pret\u00e9n complementar els plans de millora de la llengua anglesa als centres educatius de Catalunya i s\u2019organitza amb la finalitat d\u2019estimular i motivar l\u2019aprenentatge [&hellip;]<\/p>\n","protected":false},"author":3,"featured_media":0,"comment_status":"open","ping_status":"open","sticky":false,"template":"","format":"standard","meta":{"_bbp_topic_count":0,"_bbp_reply_count":0,"_bbp_total_topic_count":0,"_bbp_total_reply_count":0,"_bbp_voice_count":0,"_bbp_anonymous_reply_count":0,"_bbp_topic_count_hidden":0,"_bbp_reply_count_hidden":0,"_bbp_forum_subforum_count":0,"site-sidebar-layout":"default","site-content-layout":"","ast-site-content-layout":"","site-content-style":"default","site-sidebar-style":"default","ast-global-header-display":"","ast-banner-title-visibility":"","ast-main-header-display":"","ast-hfb-above-header-display":"","ast-hfb-below-header-display":"","ast-hfb-mobile-header-display":"","site-post-title":"","ast-breadcrumbs-content":"","ast-featured-img":"","footer-sml-layout":"","theme-transparent-header-meta":"","adv-header-id-meta":"","stick-header-meta":"","header-above-stick-meta":"","header-main-stick-meta":"","header-below-stick-meta":"","astra-migrate-meta-layouts":"default","ast-page-background-enabled":"default","ast-page-background-meta":{"desktop":{"background-color":"var(--ast-global-color-4)","background-image":"","background-repeat":"repeat","background-position":"center center","background-size":"auto","background-attachment":"scroll","background-type":"","background-media":"","overlay-type":"","overlay-color":"","overlay-opacity":"","overlay-gradient":""},"tablet":{"background-color":"","background-image":"","background-repeat":"repeat","background-position":"center center","background-size":"auto","background-attachment":"scroll","background-type":"","background-media":"","overlay-type":"","overlay-color":"","overlay-opacity":"","overlay-gradient":""},"mobile":{"background-color":"","background-image":"","background-repeat":"repeat","background-position":"center center","background-size":"auto","background-attachment":"scroll","background-type":"","background-media":"","overlay-type":"","overlay-color":"","overlay-opacity":"","overlay-gradient":""}},"ast-content-background-meta":{"desktop":{"background-color":"var(--ast-global-color-5)","background-image":"","background-repeat":"repeat","background-position":"center center","background-size":"auto","background-attachment":"scroll","background-type":"","background-media":"","overlay-type":"","overlay-color":"","overlay-opacity":"","overlay-gradient":""},"tablet":{"background-color":"var(--ast-global-color-5)","background-image":"","background-repeat":"repeat","background-position":"center center","background-size":"auto","background-attachment":"scroll","background-type":"","background-media":"","overlay-type":"","overlay-color":"","overlay-opacity":"","overlay-gradient":""},"mobile":{"background-color":"var(--ast-global-color-5)","background-image":"","background-repeat":"repeat","background-position":"center center","background-size":"auto","background-attachment":"scroll","background-type":"","background-media":"","overlay-type":"","overlay-color":"","overlay-opacity":"","overlay-gradient":""}},"footnotes":""},"categories":[1],"tags":[49,52],"class_list":["post-385","post","type-post","status-publish","format-standard","hentry","category-general","tag-intraweb","tag-noticies"],"post_mailing_queue_ids":[],"_links":{"self":[{"href":"https:\/\/agora.xtec.cat\/ieshugroger\/wp-json\/wp\/v2\/posts\/385","targetHints":{"allow":["GET"]}}],"collection":[{"href":"https:\/\/agora.xtec.cat\/ieshugroger\/wp-json\/wp\/v2\/posts"}],"about":[{"href":"https:\/\/agora.xtec.cat\/ieshugroger\/wp-json\/wp\/v2\/types\/post"}],"author":[{"embeddable":true,"href":"https:\/\/agora.xtec.cat\/ieshugroger\/wp-json\/wp\/v2\/users\/3"}],"replies":[{"embeddable":true,"href":"https:\/\/agora.xtec.cat\/ieshugroger\/wp-json\/wp\/v2\/comments?post=385"}],"version-history":[{"count":1,"href":"https:\/\/agora.xtec.cat\/ieshugroger\/wp-json\/wp\/v2\/posts\/385\/revisions"}],"predecessor-version":[{"id":760,"href":"https:\/\/agora.xtec.cat\/ieshugroger\/wp-json\/wp\/v2\/posts\/385\/revisions\/760"}],"wp:attachment":[{"href":"https:\/\/agora.xtec.cat\/ieshugroger\/wp-json\/wp\/v2\/media?parent=385"}],"wp:term":[{"taxonomy":"category","embeddable":true,"href":"https:\/\/agora.xtec.cat\/ieshugroger\/wp-json\/wp\/v2\/categories?post=385"},{"taxonomy":"post_tag","embeddable":true,"href":"https:\/\/agora.xtec.cat\/ieshugroger\/wp-json\/wp\/v2\/tags?post=385"}],"curies":[{"name":"wp","href":"https:\/\/api.w.org\/{rel}","templated":true}]}}