{"id":13182,"date":"2019-05-26T08:43:53","date_gmt":"2019-05-26T06:43:53","guid":{"rendered":"http:\/\/agora.xtec.cat\/ieshugroger\/?p=13182"},"modified":"2019-06-21T06:52:41","modified_gmt":"2019-06-21T04:52:41","slug":"gimcana-historica-lleida","status":"publish","type":"post","link":"https:\/\/agora.xtec.cat\/ieshugroger\/eso\/gimcana-historica-lleida\/","title":{"rendered":"Gimcana hist\u00f2rica Lleida"},"content":{"rendered":"<p><a href=\"https:\/\/agora.xtec.cat\/ieshugroger\/wp-content\/uploads\/usu596\/2019\/05\/Homenatge-Liceu-Escolar.jpg\"><img loading=\"lazy\" decoding=\"async\" class=\" wp-image-13183 aligncenter\" src=\"https:\/\/agora.xtec.cat\/ieshugroger\/wp-content\/uploads\/usu596\/2019\/05\/Homenatge-Liceu-Escolar-1024x768.jpg\" alt=\"\" width=\"931\" height=\"698\" srcset=\"https:\/\/agora.xtec.cat\/ieshugroger\/wp-content\/uploads\/usu596\/2019\/05\/Homenatge-Liceu-Escolar-1024x768.jpg 1024w, https:\/\/agora.xtec.cat\/ieshugroger\/wp-content\/uploads\/usu596\/2019\/05\/Homenatge-Liceu-Escolar-300x225.jpg 300w, https:\/\/agora.xtec.cat\/ieshugroger\/wp-content\/uploads\/usu596\/2019\/05\/Homenatge-Liceu-Escolar-768x576.jpg 768w, https:\/\/agora.xtec.cat\/ieshugroger\/wp-content\/uploads\/usu596\/2019\/05\/Homenatge-Liceu-Escolar-200x150.jpg 200w\" sizes=\"auto, (max-width: 931px) 100vw, 931px\" \/><\/a><\/p>\n<p>El passat dimecres, alumnat de l&#8217;ESO i de Batxillerat de l&#8217;INS Hug Roger III de Sort van realitzar una gimcana hist\u00f2rica pels carrers del centre de Lleida. L&#8217;activitat va finalitzar amb una ofrena floral a les v\u00edctimes del Liceu Escolar, acompanyada per la recitaci\u00f3 de poemes de M\u00e0rius Torres.<\/p>\n<p>Informa: Toni Leal<\/p>\n","protected":false},"excerpt":{"rendered":"<p>El passat dimecres, alumnat de l&#8217;ESO i de Batxillerat de l&#8217;INS Hug Roger III de Sort van realitzar una gimcana hist\u00f2rica pels carrers del centre de Lleida. L&#8217;activitat va finalitzar amb una ofrena floral a les v\u00edctimes del Liceu Escolar, acompanyada per la recitaci\u00f3 de poemes de M\u00e0rius Torres. Informa: Toni Leal<\/p>\n","protected":false},"author":15,"featured_media":13183,"comment_status":"open","ping_status":"closed","sticky":false,"template":"","format":"standard","meta":{"_bbp_topic_count":0,"_bbp_reply_count":0,"_bbp_total_topic_count":0,"_bbp_total_reply_count":0,"_bbp_voice_count":0,"_bbp_anonymous_reply_count":0,"_bbp_topic_count_hidden":0,"_bbp_reply_count_hidden":0,"_bbp_forum_subforum_count":0,"site-sidebar-layout":"default","site-content-layout":"","ast-site-content-layout":"","site-content-style":"default","site-sidebar-style":"default","ast-global-header-display":"","ast-banner-title-visibility":"","ast-main-header-display":"","ast-hfb-above-header-display":"","ast-hfb-below-header-display":"","ast-hfb-mobile-header-display":"","site-post-title":"","ast-breadcrumbs-content":"","ast-featured-img":"","footer-sml-layout":"","theme-transparent-header-meta":"","adv-header-id-meta":"","stick-header-meta":"","header-above-stick-meta":"","header-main-stick-meta":"","header-below-stick-meta":"","astra-migrate-meta-layouts":"default","ast-page-background-enabled":"default","ast-page-background-meta":{"desktop":{"background-color":"var(--ast-global-color-4)","background-image":"","background-repeat":"repeat","background-position":"center center","background-size":"auto","background-attachment":"scroll","background-type":"","background-media":"","overlay-type":"","overlay-color":"","overlay-opacity":"","overlay-gradient":""},"tablet":{"background-color":"","background-image":"","background-repeat":"repeat","background-position":"center center","background-size":"auto","background-attachment":"scroll","background-type":"","background-media":"","overlay-type":"","overlay-color":"","overlay-opacity":"","overlay-gradient":""},"mobile":{"background-color":"","background-image":"","background-repeat":"repeat","background-position":"center center","background-size":"auto","background-attachment":"scroll","background-type":"","background-media":"","overlay-type":"","overlay-color":"","overlay-opacity":"","overlay-gradient":""}},"ast-content-background-meta":{"desktop":{"background-color":"var(--ast-global-color-5)","background-image":"","background-repeat":"repeat","background-position":"center center","background-size":"auto","background-attachment":"scroll","background-type":"","background-media":"","overlay-type":"","overlay-color":"","overlay-opacity":"","overlay-gradient":""},"tablet":{"background-color":"var(--ast-global-color-5)","background-image":"","background-repeat":"repeat","background-position":"center center","background-size":"auto","background-attachment":"scroll","background-type":"","background-media":"","overlay-type":"","overlay-color":"","overlay-opacity":"","overlay-gradient":""},"mobile":{"background-color":"var(--ast-global-color-5)","background-image":"","background-repeat":"repeat","background-position":"center center","background-size":"auto","background-attachment":"scroll","background-type":"","background-media":"","overlay-type":"","overlay-color":"","overlay-opacity":"","overlay-gradient":""}},"footnotes":""},"categories":[29,99,8,3],"tags":[101,586,281,457],"class_list":["post-13182","post","type-post","status-publish","format-standard","has-post-thumbnail","hentry","category-portada","category-activitats","category-batxillerat","category-eso","tag-activitats","tag-bat","tag-eso","tag-lleida"],"post_mailing_queue_ids":[],"_links":{"self":[{"href":"https:\/\/agora.xtec.cat\/ieshugroger\/wp-json\/wp\/v2\/posts\/13182","targetHints":{"allow":["GET"]}}],"collection":[{"href":"https:\/\/agora.xtec.cat\/ieshugroger\/wp-json\/wp\/v2\/posts"}],"about":[{"href":"https:\/\/agora.xtec.cat\/ieshugroger\/wp-json\/wp\/v2\/types\/post"}],"author":[{"embeddable":true,"href":"https:\/\/agora.xtec.cat\/ieshugroger\/wp-json\/wp\/v2\/users\/15"}],"replies":[{"embeddable":true,"href":"https:\/\/agora.xtec.cat\/ieshugroger\/wp-json\/wp\/v2\/comments?post=13182"}],"version-history":[{"count":1,"href":"https:\/\/agora.xtec.cat\/ieshugroger\/wp-json\/wp\/v2\/posts\/13182\/revisions"}],"predecessor-version":[{"id":13184,"href":"https:\/\/agora.xtec.cat\/ieshugroger\/wp-json\/wp\/v2\/posts\/13182\/revisions\/13184"}],"wp:featuredmedia":[{"embeddable":true,"href":"https:\/\/agora.xtec.cat\/ieshugroger\/wp-json\/wp\/v2\/media\/13183"}],"wp:attachment":[{"href":"https:\/\/agora.xtec.cat\/ieshugroger\/wp-json\/wp\/v2\/media?parent=13182"}],"wp:term":[{"taxonomy":"category","embeddable":true,"href":"https:\/\/agora.xtec.cat\/ieshugroger\/wp-json\/wp\/v2\/categories?post=13182"},{"taxonomy":"post_tag","embeddable":true,"href":"https:\/\/agora.xtec.cat\/ieshugroger\/wp-json\/wp\/v2\/tags?post=13182"}],"curies":[{"name":"wp","href":"https:\/\/api.w.org\/{rel}","templated":true}]}}