{"id":11966,"date":"2018-11-26T11:20:09","date_gmt":"2018-11-26T10:20:09","guid":{"rendered":"http:\/\/agora.xtec.cat\/ieshugroger\/?p=11966"},"modified":"2018-12-04T15:15:50","modified_gmt":"2018-12-04T14:15:50","slug":"emprenedoria-per-la-marato","status":"publish","type":"post","link":"https:\/\/agora.xtec.cat\/ieshugroger\/general\/emprenedoria-per-la-marato\/","title":{"rendered":"Emprenedoria per la Marat\u00f3"},"content":{"rendered":"<p>Com cada any l&#8217;alumnat de 3r d&#8217;ESO que cursa la mat\u00e8ria d&#8217;Emprenedoria es posa en marxa per a recollir diners per la Marat\u00f3 de TV3. Ja estan a punt els cartells de promoci\u00f3 i que guarniran la parada. Us hi esperem!<\/p>\n<p><a href=\"https:\/\/agora.xtec.cat\/ieshugroger\/wp-content\/uploads\/usu596\/2018\/11\/IMG_1294-1.jpg\"><img loading=\"lazy\" decoding=\"async\" class=\"alignnone size-large wp-image-11970\" src=\"https:\/\/agora.xtec.cat\/ieshugroger\/wp-content\/uploads\/usu596\/2018\/11\/IMG_1294-1-1024x768.jpg\" alt=\"\" width=\"1024\" height=\"768\" srcset=\"https:\/\/agora.xtec.cat\/ieshugroger\/wp-content\/uploads\/usu596\/2018\/11\/IMG_1294-1-1024x768.jpg 1024w, https:\/\/agora.xtec.cat\/ieshugroger\/wp-content\/uploads\/usu596\/2018\/11\/IMG_1294-1-300x225.jpg 300w, https:\/\/agora.xtec.cat\/ieshugroger\/wp-content\/uploads\/usu596\/2018\/11\/IMG_1294-1-768x576.jpg 768w, https:\/\/agora.xtec.cat\/ieshugroger\/wp-content\/uploads\/usu596\/2018\/11\/IMG_1294-1-200x150.jpg 200w\" sizes=\"auto, (max-width: 1024px) 100vw, 1024px\" \/><\/a><\/p>\n<p><a href=\"https:\/\/agora.xtec.cat\/ieshugroger\/wp-content\/uploads\/usu596\/2018\/11\/IMG_1296-1.jpg\"><img loading=\"lazy\" decoding=\"async\" class=\"alignnone size-large wp-image-11969\" src=\"https:\/\/agora.xtec.cat\/ieshugroger\/wp-content\/uploads\/usu596\/2018\/11\/IMG_1296-1-1024x768.jpg\" alt=\"\" width=\"1024\" height=\"768\" srcset=\"https:\/\/agora.xtec.cat\/ieshugroger\/wp-content\/uploads\/usu596\/2018\/11\/IMG_1296-1-1024x768.jpg 1024w, https:\/\/agora.xtec.cat\/ieshugroger\/wp-content\/uploads\/usu596\/2018\/11\/IMG_1296-1-300x225.jpg 300w, https:\/\/agora.xtec.cat\/ieshugroger\/wp-content\/uploads\/usu596\/2018\/11\/IMG_1296-1-768x576.jpg 768w, https:\/\/agora.xtec.cat\/ieshugroger\/wp-content\/uploads\/usu596\/2018\/11\/IMG_1296-1-200x150.jpg 200w\" sizes=\"auto, (max-width: 1024px) 100vw, 1024px\" \/><\/a><\/p>\n","protected":false},"excerpt":{"rendered":"<p>Com cada any l&#8217;alumnat de 3r d&#8217;ESO que cursa la mat\u00e8ria d&#8217;Emprenedoria es posa en marxa per a recollir diners per la Marat\u00f3 de TV3. Ja estan a punt els cartells de promoci\u00f3 i que guarniran la parada. Us hi esperem!<\/p>\n","protected":false},"author":65,"featured_media":11969,"comment_status":"open","ping_status":"closed","sticky":false,"template":"","format":"standard","meta":{"_bbp_topic_count":0,"_bbp_reply_count":0,"_bbp_total_topic_count":0,"_bbp_total_reply_count":0,"_bbp_voice_count":0,"_bbp_anonymous_reply_count":0,"_bbp_topic_count_hidden":0,"_bbp_reply_count_hidden":0,"_bbp_forum_subforum_count":0,"site-sidebar-layout":"default","site-content-layout":"","ast-site-content-layout":"","site-content-style":"default","site-sidebar-style":"default","ast-global-header-display":"","ast-banner-title-visibility":"","ast-main-header-display":"","ast-hfb-above-header-display":"","ast-hfb-below-header-display":"","ast-hfb-mobile-header-display":"","site-post-title":"","ast-breadcrumbs-content":"","ast-featured-img":"","footer-sml-layout":"","theme-transparent-header-meta":"","adv-header-id-meta":"","stick-header-meta":"","header-above-stick-meta":"","header-main-stick-meta":"","header-below-stick-meta":"","astra-migrate-meta-layouts":"default","ast-page-background-enabled":"default","ast-page-background-meta":{"desktop":{"background-color":"var(--ast-global-color-4)","background-image":"","background-repeat":"repeat","background-position":"center center","background-size":"auto","background-attachment":"scroll","background-type":"","background-media":"","overlay-type":"","overlay-color":"","overlay-opacity":"","overlay-gradient":""},"tablet":{"background-color":"","background-image":"","background-repeat":"repeat","background-position":"center center","background-size":"auto","background-attachment":"scroll","background-type":"","background-media":"","overlay-type":"","overlay-color":"","overlay-opacity":"","overlay-gradient":""},"mobile":{"background-color":"","background-image":"","background-repeat":"repeat","background-position":"center center","background-size":"auto","background-attachment":"scroll","background-type":"","background-media":"","overlay-type":"","overlay-color":"","overlay-opacity":"","overlay-gradient":""}},"ast-content-background-meta":{"desktop":{"background-color":"var(--ast-global-color-5)","background-image":"","background-repeat":"repeat","background-position":"center center","background-size":"auto","background-attachment":"scroll","background-type":"","background-media":"","overlay-type":"","overlay-color":"","overlay-opacity":"","overlay-gradient":""},"tablet":{"background-color":"var(--ast-global-color-5)","background-image":"","background-repeat":"repeat","background-position":"center center","background-size":"auto","background-attachment":"scroll","background-type":"","background-media":"","overlay-type":"","overlay-color":"","overlay-opacity":"","overlay-gradient":""},"mobile":{"background-color":"var(--ast-global-color-5)","background-image":"","background-repeat":"repeat","background-position":"center center","background-size":"auto","background-attachment":"scroll","background-type":"","background-media":"","overlay-type":"","overlay-color":"","overlay-opacity":"","overlay-gradient":""}},"footnotes":""},"categories":[29,99,6,1],"tags":[453,101,551],"class_list":["post-11966","post","type-post","status-publish","format-standard","has-post-thumbnail","hentry","category-portada","category-activitats","category-eso-3","category-general","tag-3-eso","tag-activitats","tag-la-marato-de-tv3"],"post_mailing_queue_ids":[],"_links":{"self":[{"href":"https:\/\/agora.xtec.cat\/ieshugroger\/wp-json\/wp\/v2\/posts\/11966","targetHints":{"allow":["GET"]}}],"collection":[{"href":"https:\/\/agora.xtec.cat\/ieshugroger\/wp-json\/wp\/v2\/posts"}],"about":[{"href":"https:\/\/agora.xtec.cat\/ieshugroger\/wp-json\/wp\/v2\/types\/post"}],"author":[{"embeddable":true,"href":"https:\/\/agora.xtec.cat\/ieshugroger\/wp-json\/wp\/v2\/users\/65"}],"replies":[{"embeddable":true,"href":"https:\/\/agora.xtec.cat\/ieshugroger\/wp-json\/wp\/v2\/comments?post=11966"}],"version-history":[{"count":3,"href":"https:\/\/agora.xtec.cat\/ieshugroger\/wp-json\/wp\/v2\/posts\/11966\/revisions"}],"predecessor-version":[{"id":11975,"href":"https:\/\/agora.xtec.cat\/ieshugroger\/wp-json\/wp\/v2\/posts\/11966\/revisions\/11975"}],"wp:featuredmedia":[{"embeddable":true,"href":"https:\/\/agora.xtec.cat\/ieshugroger\/wp-json\/wp\/v2\/media\/11969"}],"wp:attachment":[{"href":"https:\/\/agora.xtec.cat\/ieshugroger\/wp-json\/wp\/v2\/media?parent=11966"}],"wp:term":[{"taxonomy":"category","embeddable":true,"href":"https:\/\/agora.xtec.cat\/ieshugroger\/wp-json\/wp\/v2\/categories?post=11966"},{"taxonomy":"post_tag","embeddable":true,"href":"https:\/\/agora.xtec.cat\/ieshugroger\/wp-json\/wp\/v2\/tags?post=11966"}],"curies":[{"name":"wp","href":"https:\/\/api.w.org\/{rel}","templated":true}]}}