{"id":997,"date":"2020-02-07T09:21:15","date_gmt":"2020-02-07T08:21:15","guid":{"rendered":"https:\/\/agora.xtec.cat\/iesguinovarda\/?p=997"},"modified":"2020-04-01T18:30:27","modified_gmt":"2020-04-01T16:30:27","slug":"places-dintercanvi-i-mobilitat","status":"publish","type":"post","link":"https:\/\/agora.xtec.cat\/iesguinovarda\/eso\/eso-4\/places-dintercanvi-i-mobilitat\/","title":{"rendered":"Places d&#8217;intercanvi i mobilitat"},"content":{"rendered":"<p>L&#8217;Institut Guinovarda de Piera ha obtingut dues places d&#8217;intercanvi i mobilitat en franc\u00e8s promogudes per la Generalitat de Catalunya (Servei de Lleng\u00fces Estrangeres).<br \/>\nLa primera pla\u00e7a pertany al Programme d&#8217;\u00c9ducation Internationale Qu\u00e9bec-Catalogne. La pla\u00e7a va ser concedida a l&#8217;alumna Aina Isart, que actualment est\u00e0 fent la seva estada a Quebec durant tres mesos. La persona amb qui es va agermanar ja va cursar al nostre institut l&#8217;\u00faltim trimestre de 2019.<br \/>\nLa segona pla\u00e7a pertany al Programa de Mobilitat Catalunya-Acad\u00e9mie de Grenoble i va ser concedida a l&#8217;alumna Lina El Yaakoube que ja est\u00e0 gaudint tamb\u00e9 de la seva estada a Chamb\u00e9ry durant un mes. A finals de febrer arribar\u00e0 al nostre institut la persona francesa amb qui est\u00e0 agermanada.<\/p>\n<p><a data-flickr-embed=\"true\" href=\"https:\/\/www.flickr.com\/photos\/insguinovarda\/albums\/72157713008581303\" title=\"Beques d&#x27;intercanvi i mobilitat, 4tESO\"><img loading=\"lazy\" decoding=\"async\" src=\"https:\/\/live.staticflickr.com\/65535\/49499880513_14c9ecd321_z.jpg\" width=\"480\" height=\"640\" alt=\"Beques d&#x27;intercanvi i mobilitat, 4tESO\"><\/a><script async src=\"\/\/embedr.flickr.com\/assets\/client-code.js\" charset=\"utf-8\"><\/script><\/p>\n","protected":false},"excerpt":{"rendered":"<p>L&#8217;Institut Guinovarda de Piera ha obtingut dues places d&#8217;intercanvi i mobilitat en franc\u00e8s promogudes per la Generalitat de Catalunya (Servei de Lleng\u00fces Estrangeres).<br \/>\nLa primera pla\u00e7a pertany al Programme d&#8217;\u00c9ducation Internationale Qu\u00e9bec-Catalogne. La pla\u00e7a va ser concedida a l&#8217;alumna Aina Isart, que actualment est\u00e0 fent la&hellip;  <a href=\"https:\/\/agora.xtec.cat\/iesguinovarda\/eso\/eso-4\/places-dintercanvi-i-mobilitat\/\" title=\"Read Places d&#8217;intercanvi i mobilitat\">Llegeix m\u00e9s\u00bb<\/a><\/p>\n","protected":false},"author":5,"featured_media":998,"comment_status":"closed","ping_status":"closed","sticky":false,"template":"","format":"standard","meta":{"_bbp_topic_count":0,"_bbp_reply_count":0,"_bbp_total_topic_count":0,"_bbp_total_reply_count":0,"_bbp_voice_count":0,"_bbp_anonymous_reply_count":0,"_bbp_topic_count_hidden":0,"_bbp_reply_count_hidden":0,"_bbp_forum_subforum_count":0,"footnotes":""},"categories":[7,29],"tags":[],"class_list":["post-997","post","type-post","status-publish","format-standard","has-post-thumbnail","hentry","category-eso-4","category-portada"],"post_mailing_queue_ids":[],"_links":{"self":[{"href":"https:\/\/agora.xtec.cat\/iesguinovarda\/wp-json\/wp\/v2\/posts\/997","targetHints":{"allow":["GET"]}}],"collection":[{"href":"https:\/\/agora.xtec.cat\/iesguinovarda\/wp-json\/wp\/v2\/posts"}],"about":[{"href":"https:\/\/agora.xtec.cat\/iesguinovarda\/wp-json\/wp\/v2\/types\/post"}],"author":[{"embeddable":true,"href":"https:\/\/agora.xtec.cat\/iesguinovarda\/wp-json\/wp\/v2\/users\/5"}],"replies":[{"embeddable":true,"href":"https:\/\/agora.xtec.cat\/iesguinovarda\/wp-json\/wp\/v2\/comments?post=997"}],"version-history":[{"count":3,"href":"https:\/\/agora.xtec.cat\/iesguinovarda\/wp-json\/wp\/v2\/posts\/997\/revisions"}],"predecessor-version":[{"id":1272,"href":"https:\/\/agora.xtec.cat\/iesguinovarda\/wp-json\/wp\/v2\/posts\/997\/revisions\/1272"}],"wp:featuredmedia":[{"embeddable":true,"href":"https:\/\/agora.xtec.cat\/iesguinovarda\/wp-json\/wp\/v2\/media\/998"}],"wp:attachment":[{"href":"https:\/\/agora.xtec.cat\/iesguinovarda\/wp-json\/wp\/v2\/media?parent=997"}],"wp:term":[{"taxonomy":"category","embeddable":true,"href":"https:\/\/agora.xtec.cat\/iesguinovarda\/wp-json\/wp\/v2\/categories?post=997"},{"taxonomy":"post_tag","embeddable":true,"href":"https:\/\/agora.xtec.cat\/iesguinovarda\/wp-json\/wp\/v2\/tags?post=997"}],"curies":[{"name":"wp","href":"https:\/\/api.w.org\/{rel}","templated":true}]}}