{"id":977,"date":"2020-01-31T09:30:45","date_gmt":"2020-01-31T08:30:45","guid":{"rendered":"https:\/\/agora.xtec.cat\/iesguinovarda\/?p=977"},"modified":"2020-01-31T09:30:45","modified_gmt":"2020-01-31T08:30:45","slug":"visita-a-la-colonia-vidal","status":"publish","type":"post","link":"https:\/\/agora.xtec.cat\/iesguinovarda\/eso\/eso-4\/visita-a-la-colonia-vidal\/","title":{"rendered":"Visita a la Col\u00f2nia Vidal"},"content":{"rendered":"<p>El passat dimecres, dia 29, l&#8217;alumnat de 4t d&#8217;ESO va realitzar una visita guiada per la Col\u00f2nia Vidal relacionada a l&#8217;\u00e0rea de Ci\u00e8ncies Socials.<br \/>\nEls guies, disfressats i interpretant els rols d&#8217;habitants de la col\u00f2nia de meitat segle XX, els hi van explicar el seu funcionament, qui hi viva, com s&#8217;hi vivia&#8230; I tamb\u00e9 els van mostrar la f\u00e0brica, els telers i la turbina.<br \/>\nTot plegat, va servir per descobrir el propi passat, un passat encara recent, per b\u00e9 que generalment desconegut pel jovent.<\/p>\n<p><a data-flickr-embed=\"true\" href=\"https:\/\/www.flickr.com\/photos\/insguinovarda\/albums\/72157712910913681\" title=\"Col\u00f2nia Vidal, 2020\"><img loading=\"lazy\" decoding=\"async\" src=\"https:\/\/live.staticflickr.com\/65535\/49467467391_88582805cb_z.jpg\" width=\"640\" height=\"480\" alt=\"Col\u00f2nia Vidal, 2020\"><\/a><script async src=\"\/\/embedr.flickr.com\/assets\/client-code.js\" charset=\"utf-8\"><\/script><\/p>\n","protected":false},"excerpt":{"rendered":"<p>El passat dimecres, dia 29, l&#8217;alumnat de 4t d&#8217;ESO va realitzar una visita guiada per la Col\u00f2nia Vidal relacionada a l&#8217;\u00e0rea de Ci\u00e8ncies Socials.<br \/>\nEls guies, disfressats i interpretant els rols d&#8217;habitants de la col\u00f2nia de meitat segle XX, els hi van explicar el seu funcionament,&hellip;  <a href=\"https:\/\/agora.xtec.cat\/iesguinovarda\/eso\/eso-4\/visita-a-la-colonia-vidal\/\" title=\"Read Visita a la Col\u00f2nia Vidal\">Llegeix m\u00e9s\u00bb<\/a><\/p>\n","protected":false},"author":5,"featured_media":978,"comment_status":"closed","ping_status":"closed","sticky":false,"template":"","format":"standard","meta":{"_bbp_topic_count":0,"_bbp_reply_count":0,"_bbp_total_topic_count":0,"_bbp_total_reply_count":0,"_bbp_voice_count":0,"_bbp_anonymous_reply_count":0,"_bbp_topic_count_hidden":0,"_bbp_reply_count_hidden":0,"_bbp_forum_subforum_count":0,"footnotes":""},"categories":[7,29],"tags":[],"class_list":["post-977","post","type-post","status-publish","format-standard","has-post-thumbnail","hentry","category-eso-4","category-portada"],"post_mailing_queue_ids":[],"_links":{"self":[{"href":"https:\/\/agora.xtec.cat\/iesguinovarda\/wp-json\/wp\/v2\/posts\/977","targetHints":{"allow":["GET"]}}],"collection":[{"href":"https:\/\/agora.xtec.cat\/iesguinovarda\/wp-json\/wp\/v2\/posts"}],"about":[{"href":"https:\/\/agora.xtec.cat\/iesguinovarda\/wp-json\/wp\/v2\/types\/post"}],"author":[{"embeddable":true,"href":"https:\/\/agora.xtec.cat\/iesguinovarda\/wp-json\/wp\/v2\/users\/5"}],"replies":[{"embeddable":true,"href":"https:\/\/agora.xtec.cat\/iesguinovarda\/wp-json\/wp\/v2\/comments?post=977"}],"version-history":[{"count":1,"href":"https:\/\/agora.xtec.cat\/iesguinovarda\/wp-json\/wp\/v2\/posts\/977\/revisions"}],"predecessor-version":[{"id":979,"href":"https:\/\/agora.xtec.cat\/iesguinovarda\/wp-json\/wp\/v2\/posts\/977\/revisions\/979"}],"wp:featuredmedia":[{"embeddable":true,"href":"https:\/\/agora.xtec.cat\/iesguinovarda\/wp-json\/wp\/v2\/media\/978"}],"wp:attachment":[{"href":"https:\/\/agora.xtec.cat\/iesguinovarda\/wp-json\/wp\/v2\/media?parent=977"}],"wp:term":[{"taxonomy":"category","embeddable":true,"href":"https:\/\/agora.xtec.cat\/iesguinovarda\/wp-json\/wp\/v2\/categories?post=977"},{"taxonomy":"post_tag","embeddable":true,"href":"https:\/\/agora.xtec.cat\/iesguinovarda\/wp-json\/wp\/v2\/tags?post=977"}],"curies":[{"name":"wp","href":"https:\/\/api.w.org\/{rel}","templated":true}]}}