{"id":971,"date":"2020-01-30T13:01:24","date_gmt":"2020-01-30T12:01:24","guid":{"rendered":"https:\/\/agora.xtec.cat\/iesguinovarda\/?p=971"},"modified":"2020-01-30T13:01:24","modified_gmt":"2020-01-30T12:01:24","slug":"la-sal-de-cardona","status":"publish","type":"post","link":"https:\/\/agora.xtec.cat\/iesguinovarda\/eso\/eso-1\/la-sal-de-cardona\/","title":{"rendered":"La sal de Cardona"},"content":{"rendered":"<p>Els passats dijous i divendres, 23 i 24 de gener, els grups de 1r d&#8217;ESO de l&#8217;institut Guinovarda van visitar les mines de sal que es troben a Cardona. A banda de poder rec\u00f3rrer-les i gaudir dels incre\u00efbles paisatges soterranis que ens ofereixen, l&#8217;alumnat va participar en un taller de geologia en qu\u00e8 van analitzar les propietats de diversos minerals (el color, la duresa&#8230;) i en van comprovar i estudiar els resultats.<br \/>\nTot plegat, una sortida for\u00e7a interessant i enriquidora, a m\u00e9s de divertida.<\/p>\n<p><a data-flickr-embed=\"true\" href=\"https:\/\/www.flickr.com\/photos\/insguinovarda\/albums\/72157712899277871\" title=\"Mines de Sal de Cardona, 1r d&#x27;ESO\"><img loading=\"lazy\" decoding=\"async\" src=\"https:\/\/live.staticflickr.com\/65535\/49464010382_0c798955c3_z.jpg\" width=\"640\" height=\"480\" alt=\"Mines de Sal de Cardona, 1r d&#x27;ESO\"><\/a><script async src=\"\/\/embedr.flickr.com\/assets\/client-code.js\" charset=\"utf-8\"><\/script><\/p>\n","protected":false},"excerpt":{"rendered":"<p>Els passats dijous i divendres, 23 i 24 de gener, els grups de 1r d&#8217;ESO de l&#8217;institut Guinovarda van visitar les mines de sal que es troben a Cardona. A banda de poder rec\u00f3rrer-les i gaudir dels incre\u00efbles paisatges soterranis que ens ofereixen, l&#8217;alumnat va&hellip;  <a href=\"https:\/\/agora.xtec.cat\/iesguinovarda\/eso\/eso-1\/la-sal-de-cardona\/\" title=\"Read La sal de Cardona\">Llegeix m\u00e9s\u00bb<\/a><\/p>\n","protected":false},"author":5,"featured_media":972,"comment_status":"closed","ping_status":"closed","sticky":false,"template":"","format":"standard","meta":{"_bbp_topic_count":0,"_bbp_reply_count":0,"_bbp_total_topic_count":0,"_bbp_total_reply_count":0,"_bbp_voice_count":0,"_bbp_anonymous_reply_count":0,"_bbp_topic_count_hidden":0,"_bbp_reply_count_hidden":0,"_bbp_forum_subforum_count":0,"footnotes":""},"categories":[4,29],"tags":[],"class_list":["post-971","post","type-post","status-publish","format-standard","has-post-thumbnail","hentry","category-eso-1","category-portada"],"post_mailing_queue_ids":[],"_links":{"self":[{"href":"https:\/\/agora.xtec.cat\/iesguinovarda\/wp-json\/wp\/v2\/posts\/971","targetHints":{"allow":["GET"]}}],"collection":[{"href":"https:\/\/agora.xtec.cat\/iesguinovarda\/wp-json\/wp\/v2\/posts"}],"about":[{"href":"https:\/\/agora.xtec.cat\/iesguinovarda\/wp-json\/wp\/v2\/types\/post"}],"author":[{"embeddable":true,"href":"https:\/\/agora.xtec.cat\/iesguinovarda\/wp-json\/wp\/v2\/users\/5"}],"replies":[{"embeddable":true,"href":"https:\/\/agora.xtec.cat\/iesguinovarda\/wp-json\/wp\/v2\/comments?post=971"}],"version-history":[{"count":1,"href":"https:\/\/agora.xtec.cat\/iesguinovarda\/wp-json\/wp\/v2\/posts\/971\/revisions"}],"predecessor-version":[{"id":973,"href":"https:\/\/agora.xtec.cat\/iesguinovarda\/wp-json\/wp\/v2\/posts\/971\/revisions\/973"}],"wp:featuredmedia":[{"embeddable":true,"href":"https:\/\/agora.xtec.cat\/iesguinovarda\/wp-json\/wp\/v2\/media\/972"}],"wp:attachment":[{"href":"https:\/\/agora.xtec.cat\/iesguinovarda\/wp-json\/wp\/v2\/media?parent=971"}],"wp:term":[{"taxonomy":"category","embeddable":true,"href":"https:\/\/agora.xtec.cat\/iesguinovarda\/wp-json\/wp\/v2\/categories?post=971"},{"taxonomy":"post_tag","embeddable":true,"href":"https:\/\/agora.xtec.cat\/iesguinovarda\/wp-json\/wp\/v2\/tags?post=971"}],"curies":[{"name":"wp","href":"https:\/\/api.w.org\/{rel}","templated":true}]}}