{"id":966,"date":"2020-01-24T11:39:09","date_gmt":"2020-01-24T10:39:09","guid":{"rendered":"https:\/\/agora.xtec.cat\/iesguinovarda\/?p=966"},"modified":"2020-01-24T11:41:03","modified_gmt":"2020-01-24T10:41:03","slug":"projecte-terror-a-la-xarxa-amb-2n-deso","status":"publish","type":"post","link":"https:\/\/agora.xtec.cat\/iesguinovarda\/eso\/eso-2\/projecte-terror-a-la-xarxa-amb-2n-deso\/","title":{"rendered":"Projecte &#8220;Terror a la xarxa&#8221; amb 2n d&#8217;ESO"},"content":{"rendered":"<p>Com cada any, l&#8217;alumnat de 2n d&#8217;ESO ha participat en el projecte relacionat amb el llibre\u00a0<em>Terror a la xarxa<\/em>, lectura obligat\u00f2ria del 1r trimestre.<\/p>\n<p>El llibre explica la hist\u00f2ria d&#8217;una nena, la Nerea, el germ\u00e0 de la qual ha desaparegut, igual que una s\u00e8rie d&#8217;adolescents de la ciutat. Al darrere de les desaparicions hi ha la secta Koruki Ya, que pret\u00e9n acabar amb la tecnologia al m\u00f3n.<\/p>\n<p>El llibre, for\u00e7a entretingut i atractiu per l&#8217;alumnat, serveix de base per a la realitzaci\u00f3 d&#8217;un conjunt d&#8217;activitats relacionades com la visita a la biblioteca municipal de Piera, on es participa en una xerrada sobre l&#8217;obra i se&#8217;n proposa la realitzaci\u00f3 d&#8217;un <em>book trailer<\/em> per equips.<\/p>\n<p>M\u00e9s avant, hi haur\u00e0 una confer\u00e8ncia\/col\u00b7loqui <em>online<\/em> amb els dos autors de <em>Terror a la xarxa,\u00a0<\/em>i l&#8217;alumnat tindr\u00e0 ocasi\u00f3 de fer-los preguntes i comentar-los els seus dubtes.<\/p>\n<p><a data-flickr-embed=\"true\" href=\"https:\/\/www.flickr.com\/photos\/insguinovarda\/albums\/72157712812956243\" title=\"Terror a la xarxa, 2n ESO\"><img loading=\"lazy\" decoding=\"async\" src=\"https:\/\/live.staticflickr.com\/65535\/49433630766_3cf6dc86ae_z.jpg\" width=\"640\" height=\"480\" alt=\"Terror a la xarxa, 2n ESO\"><\/a><script async src=\"\/\/embedr.flickr.com\/assets\/client-code.js\" charset=\"utf-8\"><\/script><\/p>\n","protected":false},"excerpt":{"rendered":"<p>Com cada any, l&#8217;alumnat de 2n d&#8217;ESO ha participat en el projecte relacionat amb el llibre\u00a0Terror a la xarxa, lectura obligat\u00f2ria del 1r trimestre.<br \/>\nEl llibre explica la hist\u00f2ria d&#8217;una nena, la Nerea, el germ\u00e0 de la qual ha desaparegut, igual que una s\u00e8rie d&#8217;adolescents de&hellip;  <a href=\"https:\/\/agora.xtec.cat\/iesguinovarda\/eso\/eso-2\/projecte-terror-a-la-xarxa-amb-2n-deso\/\" title=\"Read Projecte &#8220;Terror a la xarxa&#8221; amb 2n d&#8217;ESO\">Llegeix m\u00e9s\u00bb<\/a><\/p>\n","protected":false},"author":5,"featured_media":967,"comment_status":"closed","ping_status":"closed","sticky":false,"template":"","format":"standard","meta":{"_bbp_topic_count":0,"_bbp_reply_count":0,"_bbp_total_topic_count":0,"_bbp_total_reply_count":0,"_bbp_voice_count":0,"_bbp_anonymous_reply_count":0,"_bbp_topic_count_hidden":0,"_bbp_reply_count_hidden":0,"_bbp_forum_subforum_count":0,"footnotes":""},"categories":[5,29],"tags":[],"class_list":["post-966","post","type-post","status-publish","format-standard","has-post-thumbnail","hentry","category-eso-2","category-portada"],"post_mailing_queue_ids":[],"_links":{"self":[{"href":"https:\/\/agora.xtec.cat\/iesguinovarda\/wp-json\/wp\/v2\/posts\/966","targetHints":{"allow":["GET"]}}],"collection":[{"href":"https:\/\/agora.xtec.cat\/iesguinovarda\/wp-json\/wp\/v2\/posts"}],"about":[{"href":"https:\/\/agora.xtec.cat\/iesguinovarda\/wp-json\/wp\/v2\/types\/post"}],"author":[{"embeddable":true,"href":"https:\/\/agora.xtec.cat\/iesguinovarda\/wp-json\/wp\/v2\/users\/5"}],"replies":[{"embeddable":true,"href":"https:\/\/agora.xtec.cat\/iesguinovarda\/wp-json\/wp\/v2\/comments?post=966"}],"version-history":[{"count":3,"href":"https:\/\/agora.xtec.cat\/iesguinovarda\/wp-json\/wp\/v2\/posts\/966\/revisions"}],"predecessor-version":[{"id":970,"href":"https:\/\/agora.xtec.cat\/iesguinovarda\/wp-json\/wp\/v2\/posts\/966\/revisions\/970"}],"wp:featuredmedia":[{"embeddable":true,"href":"https:\/\/agora.xtec.cat\/iesguinovarda\/wp-json\/wp\/v2\/media\/967"}],"wp:attachment":[{"href":"https:\/\/agora.xtec.cat\/iesguinovarda\/wp-json\/wp\/v2\/media?parent=966"}],"wp:term":[{"taxonomy":"category","embeddable":true,"href":"https:\/\/agora.xtec.cat\/iesguinovarda\/wp-json\/wp\/v2\/categories?post=966"},{"taxonomy":"post_tag","embeddable":true,"href":"https:\/\/agora.xtec.cat\/iesguinovarda\/wp-json\/wp\/v2\/tags?post=966"}],"curies":[{"name":"wp","href":"https:\/\/api.w.org\/{rel}","templated":true}]}}