{"id":960,"date":"2020-01-24T09:42:33","date_gmt":"2020-01-24T08:42:33","guid":{"rendered":"https:\/\/agora.xtec.cat\/iesguinovarda\/?p=960"},"modified":"2020-01-24T09:42:33","modified_gmt":"2020-01-24T08:42:33","slug":"tapsd-a-la-fap","status":"publish","type":"post","link":"https:\/\/agora.xtec.cat\/iesguinovarda\/portada\/tapsd-a-la-fap\/","title":{"rendered":"TAPSD a la FAP"},"content":{"rendered":"<p>El dijous, 23 de gener, l&#8217;alumnat de 1r de TAPSD va vistar la FAP (Fundaci\u00f3 \u00c0uria Privada) d&#8217;Igualada. Va resultar una sortida for\u00e7a enriquidora i entranyable, ja que a banda de parar atenci\u00f3 a les explicacions sobre els serveis i recursos que ofereix la fundaci\u00f3 per a persones amb diversitat funcional intel\u00b7lectual i persones en risc social i vulnerabilitat, van poder compartir una estoneta amb els nois i noies i gent gran del centre. <\/p>\n<p><a data-flickr-embed=\"true\" href=\"https:\/\/www.flickr.com\/photos\/insguinovarda\/albums\/72157712812045633\" title=\"TAPSD a la FAP\"><img loading=\"lazy\" decoding=\"async\" src=\"https:\/\/live.staticflickr.com\/65535\/49433331136_d3c5167e90_z.jpg\" width=\"640\" height=\"360\" alt=\"TAPSD a la FAP\"><\/a><script async src=\"\/\/embedr.flickr.com\/assets\/client-code.js\" charset=\"utf-8\"><\/script><\/p>\n","protected":false},"excerpt":{"rendered":"<p>El dijous, 23 de gener, l&#8217;alumnat de 1r de TAPSD va vistar la FAP (Fundaci\u00f3 \u00c0uria Privada) d&#8217;Igualada. Va resultar una sortida for\u00e7a enriquidora i entranyable, ja que a banda de parar atenci\u00f3 a les explicacions sobre els serveis i recursos que ofereix la fundaci\u00f3&hellip;  <a href=\"https:\/\/agora.xtec.cat\/iesguinovarda\/portada\/tapsd-a-la-fap\/\" title=\"Read TAPSD a la FAP\">Llegeix m\u00e9s\u00bb<\/a><\/p>\n","protected":false},"author":5,"featured_media":961,"comment_status":"closed","ping_status":"closed","sticky":false,"template":"","format":"standard","meta":{"_bbp_topic_count":0,"_bbp_reply_count":0,"_bbp_total_topic_count":0,"_bbp_total_reply_count":0,"_bbp_voice_count":0,"_bbp_anonymous_reply_count":0,"_bbp_topic_count_hidden":0,"_bbp_reply_count_hidden":0,"_bbp_forum_subforum_count":0,"footnotes":""},"categories":[30,29],"tags":[],"class_list":["post-960","post","type-post","status-publish","format-standard","has-post-thumbnail","hentry","category-cicles-formatius","category-portada"],"post_mailing_queue_ids":[],"_links":{"self":[{"href":"https:\/\/agora.xtec.cat\/iesguinovarda\/wp-json\/wp\/v2\/posts\/960","targetHints":{"allow":["GET"]}}],"collection":[{"href":"https:\/\/agora.xtec.cat\/iesguinovarda\/wp-json\/wp\/v2\/posts"}],"about":[{"href":"https:\/\/agora.xtec.cat\/iesguinovarda\/wp-json\/wp\/v2\/types\/post"}],"author":[{"embeddable":true,"href":"https:\/\/agora.xtec.cat\/iesguinovarda\/wp-json\/wp\/v2\/users\/5"}],"replies":[{"embeddable":true,"href":"https:\/\/agora.xtec.cat\/iesguinovarda\/wp-json\/wp\/v2\/comments?post=960"}],"version-history":[{"count":1,"href":"https:\/\/agora.xtec.cat\/iesguinovarda\/wp-json\/wp\/v2\/posts\/960\/revisions"}],"predecessor-version":[{"id":962,"href":"https:\/\/agora.xtec.cat\/iesguinovarda\/wp-json\/wp\/v2\/posts\/960\/revisions\/962"}],"wp:featuredmedia":[{"embeddable":true,"href":"https:\/\/agora.xtec.cat\/iesguinovarda\/wp-json\/wp\/v2\/media\/961"}],"wp:attachment":[{"href":"https:\/\/agora.xtec.cat\/iesguinovarda\/wp-json\/wp\/v2\/media?parent=960"}],"wp:term":[{"taxonomy":"category","embeddable":true,"href":"https:\/\/agora.xtec.cat\/iesguinovarda\/wp-json\/wp\/v2\/categories?post=960"},{"taxonomy":"post_tag","embeddable":true,"href":"https:\/\/agora.xtec.cat\/iesguinovarda\/wp-json\/wp\/v2\/tags?post=960"}],"curies":[{"name":"wp","href":"https:\/\/api.w.org\/{rel}","templated":true}]}}