{"id":954,"date":"2020-01-23T13:26:26","date_gmt":"2020-01-23T12:26:26","guid":{"rendered":"https:\/\/agora.xtec.cat\/iesguinovarda\/?p=954"},"modified":"2020-01-23T13:26:26","modified_gmt":"2020-01-23T12:26:26","slug":"taller-de-prevencio-dulceres-a-tapsd","status":"publish","type":"post","link":"https:\/\/agora.xtec.cat\/iesguinovarda\/portada\/taller-de-prevencio-dulceres-a-tapsd\/","title":{"rendered":"Taller de prevenci\u00f3 d&#8217;\u00falceres a TAPSD"},"content":{"rendered":"<p>El passat dimecres, 15 de gener, van venir al centre dues infermeres del CAP de Piera per fer un taller als alumnes de primer de TAPSD. El taller es va fer en grups redu\u00efts, ja que era un taller pr\u00e0ctic, i s&#8217;hi va parlar de com prevenir les \u00falceres en persones en situaci\u00f3 de  depend\u00e8ncia.<\/p>\n<p><a data-flickr-embed=\"true\" href=\"https:\/\/www.flickr.com\/photos\/insguinovarda\/albums\/72157712798428286\" title=\"Taller de prevenci\u00f3 d&#x27;\u00falceres, TAPSD\"><img loading=\"lazy\" decoding=\"async\" src=\"https:\/\/live.staticflickr.com\/65535\/49429216831_0ee0bfc856_z.jpg\" width=\"640\" height=\"360\" alt=\"Taller de prevenci\u00f3 d&#x27;\u00falceres, TAPSD\"><\/a><script async src=\"\/\/embedr.flickr.com\/assets\/client-code.js\" charset=\"utf-8\"><\/script><\/p>\n","protected":false},"excerpt":{"rendered":"<p>El passat dimecres, 15 de gener, van venir al centre dues infermeres del CAP de Piera per fer un taller als alumnes de primer de TAPSD. El taller es va fer en grups redu\u00efts, ja que era un taller pr\u00e0ctic, i s&#8217;hi va parlar de&hellip;  <a href=\"https:\/\/agora.xtec.cat\/iesguinovarda\/portada\/taller-de-prevencio-dulceres-a-tapsd\/\" title=\"Read Taller de prevenci\u00f3 d&#8217;\u00falceres a TAPSD\">Llegeix m\u00e9s\u00bb<\/a><\/p>\n","protected":false},"author":5,"featured_media":958,"comment_status":"closed","ping_status":"closed","sticky":false,"template":"","format":"standard","meta":{"_bbp_topic_count":0,"_bbp_reply_count":0,"_bbp_total_topic_count":0,"_bbp_total_reply_count":0,"_bbp_voice_count":0,"_bbp_anonymous_reply_count":0,"_bbp_topic_count_hidden":0,"_bbp_reply_count_hidden":0,"_bbp_forum_subforum_count":0,"footnotes":""},"categories":[30,29],"tags":[],"class_list":["post-954","post","type-post","status-publish","format-standard","has-post-thumbnail","hentry","category-cicles-formatius","category-portada"],"post_mailing_queue_ids":[],"_links":{"self":[{"href":"https:\/\/agora.xtec.cat\/iesguinovarda\/wp-json\/wp\/v2\/posts\/954","targetHints":{"allow":["GET"]}}],"collection":[{"href":"https:\/\/agora.xtec.cat\/iesguinovarda\/wp-json\/wp\/v2\/posts"}],"about":[{"href":"https:\/\/agora.xtec.cat\/iesguinovarda\/wp-json\/wp\/v2\/types\/post"}],"author":[{"embeddable":true,"href":"https:\/\/agora.xtec.cat\/iesguinovarda\/wp-json\/wp\/v2\/users\/5"}],"replies":[{"embeddable":true,"href":"https:\/\/agora.xtec.cat\/iesguinovarda\/wp-json\/wp\/v2\/comments?post=954"}],"version-history":[{"count":1,"href":"https:\/\/agora.xtec.cat\/iesguinovarda\/wp-json\/wp\/v2\/posts\/954\/revisions"}],"predecessor-version":[{"id":959,"href":"https:\/\/agora.xtec.cat\/iesguinovarda\/wp-json\/wp\/v2\/posts\/954\/revisions\/959"}],"wp:featuredmedia":[{"embeddable":true,"href":"https:\/\/agora.xtec.cat\/iesguinovarda\/wp-json\/wp\/v2\/media\/958"}],"wp:attachment":[{"href":"https:\/\/agora.xtec.cat\/iesguinovarda\/wp-json\/wp\/v2\/media?parent=954"}],"wp:term":[{"taxonomy":"category","embeddable":true,"href":"https:\/\/agora.xtec.cat\/iesguinovarda\/wp-json\/wp\/v2\/categories?post=954"},{"taxonomy":"post_tag","embeddable":true,"href":"https:\/\/agora.xtec.cat\/iesguinovarda\/wp-json\/wp\/v2\/tags?post=954"}],"curies":[{"name":"wp","href":"https:\/\/api.w.org\/{rel}","templated":true}]}}