{"id":942,"date":"2020-01-13T09:24:22","date_gmt":"2020-01-13T08:24:22","guid":{"rendered":"https:\/\/agora.xtec.cat\/iesguinovarda\/?p=942"},"modified":"2020-01-13T09:24:30","modified_gmt":"2020-01-13T08:24:30","slug":"festa-de-nadal-del-guinovarda","status":"publish","type":"post","link":"https:\/\/agora.xtec.cat\/iesguinovarda\/general\/festa-de-nadal-del-guinovarda\/","title":{"rendered":"Festa de Nadal del Guinovarda"},"content":{"rendered":"<p>El passat divendres dia 20 de desembre, l&#8217;institut Guinovarda, tot guarnit amb garlandes i desitjos nadalencs, va celebrar la tradicional festa de Nadal i la fi del primer trimestre amb l&#8217;elaboraci\u00f3 d&#8217;una s\u00e8rie de tallers i manualitats de car\u00e0cter nadalenc per als m\u00e9s petits del centre, i amb una intrepidant gimcana per a 3r i 4t d&#8217;ESO, a c\u00e0rrec de l&#8217;alumnat m\u00e9s gran, organitzada per la voluntariosa i pacient Ana L\u00f3pez M.<\/p>\n<p>A m\u00e9s, l&#8217;alumnat de 4t d&#8217;ESO ens va delitar amb les menges, dolces i salades, que van vendre al seu bar per tal de recaptar fons per al viatge de final de curs.<\/p>\n<p>Finalment, tot el centre, coordinat pel departament de ViP, va construir una figura humana que representava un estel nadalenc. Tot plegat, una festa memorable per acomiadar un any que acabava i per rebre amb for\u00e7a aquest 2020 que tot just acaba de comen\u00e7ar.<\/p>\n<p><a data-flickr-embed=\"true\" href=\"https:\/\/www.flickr.com\/photos\/insguinovarda\/albums\/72157712602299353\" title=\"Festa de Nadal 2019\"><img loading=\"lazy\" decoding=\"async\" src=\"https:\/\/live.staticflickr.com\/65535\/49360771871_5c51f0644a_z.jpg\" width=\"640\" height=\"303\" alt=\"Festa de Nadal 2019\"><\/a><script async src=\"\/\/embedr.flickr.com\/assets\/client-code.js\" charset=\"utf-8\"><\/script><\/p>\n","protected":false},"excerpt":{"rendered":"<p>El passat divendres dia 20 de desembre, l&#8217;institut Guinovarda, tot guarnit amb garlandes i desitjos nadalencs, va celebrar la tradicional festa de Nadal i la fi del primer trimestre amb l&#8217;elaboraci\u00f3 d&#8217;una s\u00e8rie de tallers i manualitats de car\u00e0cter nadalenc per als m\u00e9s petits del&hellip;  <a href=\"https:\/\/agora.xtec.cat\/iesguinovarda\/general\/festa-de-nadal-del-guinovarda\/\" title=\"Read Festa de Nadal del Guinovarda\">Llegeix m\u00e9s\u00bb<\/a><\/p>\n","protected":false},"author":5,"featured_media":944,"comment_status":"closed","ping_status":"closed","sticky":false,"template":"","format":"standard","meta":{"_bbp_topic_count":0,"_bbp_reply_count":0,"_bbp_total_topic_count":0,"_bbp_total_reply_count":0,"_bbp_voice_count":0,"_bbp_anonymous_reply_count":0,"_bbp_topic_count_hidden":0,"_bbp_reply_count_hidden":0,"_bbp_forum_subforum_count":0,"footnotes":""},"categories":[1,29],"tags":[],"class_list":["post-942","post","type-post","status-publish","format-standard","has-post-thumbnail","hentry","category-general","category-portada"],"post_mailing_queue_ids":[],"_links":{"self":[{"href":"https:\/\/agora.xtec.cat\/iesguinovarda\/wp-json\/wp\/v2\/posts\/942","targetHints":{"allow":["GET"]}}],"collection":[{"href":"https:\/\/agora.xtec.cat\/iesguinovarda\/wp-json\/wp\/v2\/posts"}],"about":[{"href":"https:\/\/agora.xtec.cat\/iesguinovarda\/wp-json\/wp\/v2\/types\/post"}],"author":[{"embeddable":true,"href":"https:\/\/agora.xtec.cat\/iesguinovarda\/wp-json\/wp\/v2\/users\/5"}],"replies":[{"embeddable":true,"href":"https:\/\/agora.xtec.cat\/iesguinovarda\/wp-json\/wp\/v2\/comments?post=942"}],"version-history":[{"count":2,"href":"https:\/\/agora.xtec.cat\/iesguinovarda\/wp-json\/wp\/v2\/posts\/942\/revisions"}],"predecessor-version":[{"id":945,"href":"https:\/\/agora.xtec.cat\/iesguinovarda\/wp-json\/wp\/v2\/posts\/942\/revisions\/945"}],"wp:featuredmedia":[{"embeddable":true,"href":"https:\/\/agora.xtec.cat\/iesguinovarda\/wp-json\/wp\/v2\/media\/944"}],"wp:attachment":[{"href":"https:\/\/agora.xtec.cat\/iesguinovarda\/wp-json\/wp\/v2\/media?parent=942"}],"wp:term":[{"taxonomy":"category","embeddable":true,"href":"https:\/\/agora.xtec.cat\/iesguinovarda\/wp-json\/wp\/v2\/categories?post=942"},{"taxonomy":"post_tag","embeddable":true,"href":"https:\/\/agora.xtec.cat\/iesguinovarda\/wp-json\/wp\/v2\/tags?post=942"}],"curies":[{"name":"wp","href":"https:\/\/api.w.org\/{rel}","templated":true}]}}