{"id":916,"date":"2019-11-21T12:59:53","date_gmt":"2019-11-21T11:59:53","guid":{"rendered":"https:\/\/agora.xtec.cat\/iesguinovarda\/?p=916"},"modified":"2019-11-21T12:59:53","modified_gmt":"2019-11-21T11:59:53","slug":"tu-a-catalunya-i-jo-al-quebec","status":"publish","type":"post","link":"https:\/\/agora.xtec.cat\/iesguinovarda\/eso\/tu-a-catalunya-i-jo-al-quebec\/","title":{"rendered":"Tu a Catalunya i jo al Quebec"},"content":{"rendered":"<p>L&#8217;Institut Guinovarda va participar al mes de febrer  al Programa de Mobilitat Catalunya-Quebec gestionat per la Subdirecci\u00f3 General de Llengua i Pluriling\u00fcisme de la Generalitat de Catalunya segons un conveni de col\u00b7laboraci\u00f3 entre el Departament d&#8217;Educaci\u00f3 i l&#8217;entitat \u00c9ducation Internationale du Quebec.<br \/>\nEl programa pret\u00e9n desenvolupar les compet\u00e8ncies i les aptituds de l\u2019alumnat participant amb la millora del coneixement del franc\u00e8s de l\u2019alumnat catal\u00e0 i millora de l\u2019espanyol i iniciaci\u00f3 al catal\u00e0 de l\u2019alumnat quebequ\u00e8s, a m\u00e9s d\u2019una dimensi\u00f3 intercultural en la formaci\u00f3 de base i una major autonomia.<br \/>\nLa nostra alumna Aina Isart (4t ESO)  va ser seleccionada i marxar\u00e0 al Quebec el proper mes de gener per un per\u00edode aproximat de 3 mesos.<br \/>\nL&#8217;Aina va ser aparellada amb la quebequesa \u00c9lisabeth Bussi\u00e8re, que ha estat al nostre institut durant tamb\u00e9 3 mesos. Les dues noies, l&#8217;Aina i l&#8217;\u00c9lisabeth, van ser agermanades i per tant conviuen l&#8217;una a casa de l&#8217;altra durant les seves respectives estades.<br \/>\nL&#8217;\u00c9lisabeth ha estat convivint amb la fam\u00edlia Isart-Almirall, qui li ha facilitat poder con\u00e8ixer la cultura pr\u00f2pia, visitar llocs d&#8217;inter\u00e8s tur\u00edstic i sobretot poder gaudir de la seva amabilitat i el seu caliu.<br \/>\nL&#8217;\u00c9lisabeth ha assistit a diferents classes de castell\u00e0, franc\u00e8s, angl\u00e8s, matem\u00e0tiques, ci\u00e8ncies&#8230; i s&#8217;ha relacionat molt b\u00e9 amb els seus companys de grups diversos, que l&#8217;han considerada una companya m\u00e9s de classe.<br \/>\n\u00c9s segur que ha apr\u00e8s moltes coses i tamb\u00e9 que  la trobarem a faltar.<\/p>\n<p><a data-flickr-embed=\"true\" href=\"https:\/\/www.flickr.com\/photos\/insguinovarda\/albums\/72157711872911752\" title=\"Programa de Mobilitat Catalunya-Quebec\"><img loading=\"lazy\" decoding=\"async\" src=\"https:\/\/live.staticflickr.com\/65535\/49099526146_f75ca2b3a1_z.jpg\" width=\"640\" height=\"480\" alt=\"Programa de Mobilitat Catalunya-Quebec\"><\/a><script async src=\"\/\/embedr.flickr.com\/assets\/client-code.js\" charset=\"utf-8\"><\/script><\/p>\n","protected":false},"excerpt":{"rendered":"<p>L&#8217;Institut Guinovarda va participar al mes de febrer  al Programa de Mobilitat Catalunya-Quebec gestionat per la Subdirecci\u00f3 General de Llengua i Pluriling\u00fcisme de la Generalitat de Catalunya segons un conveni de col\u00b7laboraci\u00f3 entre el Departament d&#8217;Educaci\u00f3 i l&#8217;entitat \u00c9ducation Internationale du Quebec.<br \/>\nEl programa pret\u00e9n&hellip;  <a href=\"https:\/\/agora.xtec.cat\/iesguinovarda\/eso\/tu-a-catalunya-i-jo-al-quebec\/\" title=\"Read Tu a Catalunya i jo al Quebec\">Llegeix m\u00e9s\u00bb<\/a><\/p>\n","protected":false},"author":5,"featured_media":917,"comment_status":"closed","ping_status":"closed","sticky":false,"template":"","format":"standard","meta":{"_bbp_topic_count":0,"_bbp_reply_count":0,"_bbp_total_topic_count":0,"_bbp_total_reply_count":0,"_bbp_voice_count":0,"_bbp_anonymous_reply_count":0,"_bbp_topic_count_hidden":0,"_bbp_reply_count_hidden":0,"_bbp_forum_subforum_count":0,"footnotes":""},"categories":[3,29],"tags":[],"class_list":["post-916","post","type-post","status-publish","format-standard","has-post-thumbnail","hentry","category-eso","category-portada"],"post_mailing_queue_ids":[],"_links":{"self":[{"href":"https:\/\/agora.xtec.cat\/iesguinovarda\/wp-json\/wp\/v2\/posts\/916","targetHints":{"allow":["GET"]}}],"collection":[{"href":"https:\/\/agora.xtec.cat\/iesguinovarda\/wp-json\/wp\/v2\/posts"}],"about":[{"href":"https:\/\/agora.xtec.cat\/iesguinovarda\/wp-json\/wp\/v2\/types\/post"}],"author":[{"embeddable":true,"href":"https:\/\/agora.xtec.cat\/iesguinovarda\/wp-json\/wp\/v2\/users\/5"}],"replies":[{"embeddable":true,"href":"https:\/\/agora.xtec.cat\/iesguinovarda\/wp-json\/wp\/v2\/comments?post=916"}],"version-history":[{"count":1,"href":"https:\/\/agora.xtec.cat\/iesguinovarda\/wp-json\/wp\/v2\/posts\/916\/revisions"}],"predecessor-version":[{"id":918,"href":"https:\/\/agora.xtec.cat\/iesguinovarda\/wp-json\/wp\/v2\/posts\/916\/revisions\/918"}],"wp:featuredmedia":[{"embeddable":true,"href":"https:\/\/agora.xtec.cat\/iesguinovarda\/wp-json\/wp\/v2\/media\/917"}],"wp:attachment":[{"href":"https:\/\/agora.xtec.cat\/iesguinovarda\/wp-json\/wp\/v2\/media?parent=916"}],"wp:term":[{"taxonomy":"category","embeddable":true,"href":"https:\/\/agora.xtec.cat\/iesguinovarda\/wp-json\/wp\/v2\/categories?post=916"},{"taxonomy":"post_tag","embeddable":true,"href":"https:\/\/agora.xtec.cat\/iesguinovarda\/wp-json\/wp\/v2\/tags?post=916"}],"curies":[{"name":"wp","href":"https:\/\/api.w.org\/{rel}","templated":true}]}}