{"id":900,"date":"2019-11-11T09:39:33","date_gmt":"2019-11-11T08:39:33","guid":{"rendered":"https:\/\/agora.xtec.cat\/iesguinovarda\/?p=900"},"modified":"2019-11-11T11:43:11","modified_gmt":"2019-11-11T10:43:11","slug":"el-planetari-ens-visita","status":"publish","type":"post","link":"https:\/\/agora.xtec.cat\/iesguinovarda\/eso\/eso-1\/el-planetari-ens-visita\/","title":{"rendered":"El planetari ens visita"},"content":{"rendered":"<p>L&#8217;alumnat de 1r d&#8217;ESO de l&#8217;institut Guinovarda va participar el passat 5 de novembre en una activitat impulsada des de l&#8217;\u00e0rea de Ci\u00e8ncies Naturals en qu\u00e8 es van apropar, si m\u00e9s no de manera virtual, a l&#8217;espai exterior. <\/p>\n<p>L&#8217;activitat, que va constar de dues parts, primer va consistir a entrar a un planetari constru\u00eft al gimn\u00e0s, una igl\u00fa inflable dins del qual les i els alumnes van poder veure i aprendre moltes coses sobre els planetes i les constel\u00b7lacions sota un cel simulat.<\/p>\n<p>La segona part de l&#8217;activitat, que es va realitzar a dins l&#8217;aula, va consistir en una experi\u00e8ncia en 3D a trav\u00e9s de la qual l&#8217;alumnat va poder observar amb detall diversos objectes espacials.<\/p>\n<p>Tot plegat, un viatge astron\u00f2mic per fomentar l&#8217;inter\u00e9s per la ci\u00e8ncia.<\/p>\n<p><a data-flickr-embed=\"true\" href=\"https:\/\/www.flickr.com\/photos\/insguinovarda\/albums\/72157711693412597\" title=\"El planetari (2019)\"><img loading=\"lazy\" decoding=\"async\" src=\"https:\/\/live.staticflickr.com\/65535\/49033464522_8e0c4c3a74_z.jpg\" width=\"640\" height=\"480\" alt=\"El planetari (2019)\"><\/a><script async src=\"\/\/embedr.flickr.com\/assets\/client-code.js\" charset=\"utf-8\"><\/script><\/p>\n","protected":false},"excerpt":{"rendered":"<p>L&#8217;alumnat de 1r d&#8217;ESO de l&#8217;institut Guinovarda va participar el passat 5 de novembre en una activitat impulsada des de l&#8217;\u00e0rea de Ci\u00e8ncies Naturals en qu\u00e8 es van apropar, si m\u00e9s no de manera virtual, a l&#8217;espai exterior.<br \/>\nL&#8217;activitat, que va constar de dues parts,&hellip;  <a href=\"https:\/\/agora.xtec.cat\/iesguinovarda\/eso\/eso-1\/el-planetari-ens-visita\/\" title=\"Read El planetari ens visita\">Llegeix m\u00e9s\u00bb<\/a><\/p>\n","protected":false},"author":5,"featured_media":901,"comment_status":"closed","ping_status":"closed","sticky":false,"template":"","format":"standard","meta":{"_bbp_topic_count":0,"_bbp_reply_count":0,"_bbp_total_topic_count":0,"_bbp_total_reply_count":0,"_bbp_voice_count":0,"_bbp_anonymous_reply_count":0,"_bbp_topic_count_hidden":0,"_bbp_reply_count_hidden":0,"_bbp_forum_subforum_count":0,"footnotes":""},"categories":[4,29],"tags":[],"class_list":["post-900","post","type-post","status-publish","format-standard","has-post-thumbnail","hentry","category-eso-1","category-portada"],"post_mailing_queue_ids":[],"_links":{"self":[{"href":"https:\/\/agora.xtec.cat\/iesguinovarda\/wp-json\/wp\/v2\/posts\/900","targetHints":{"allow":["GET"]}}],"collection":[{"href":"https:\/\/agora.xtec.cat\/iesguinovarda\/wp-json\/wp\/v2\/posts"}],"about":[{"href":"https:\/\/agora.xtec.cat\/iesguinovarda\/wp-json\/wp\/v2\/types\/post"}],"author":[{"embeddable":true,"href":"https:\/\/agora.xtec.cat\/iesguinovarda\/wp-json\/wp\/v2\/users\/5"}],"replies":[{"embeddable":true,"href":"https:\/\/agora.xtec.cat\/iesguinovarda\/wp-json\/wp\/v2\/comments?post=900"}],"version-history":[{"count":2,"href":"https:\/\/agora.xtec.cat\/iesguinovarda\/wp-json\/wp\/v2\/posts\/900\/revisions"}],"predecessor-version":[{"id":906,"href":"https:\/\/agora.xtec.cat\/iesguinovarda\/wp-json\/wp\/v2\/posts\/900\/revisions\/906"}],"wp:featuredmedia":[{"embeddable":true,"href":"https:\/\/agora.xtec.cat\/iesguinovarda\/wp-json\/wp\/v2\/media\/901"}],"wp:attachment":[{"href":"https:\/\/agora.xtec.cat\/iesguinovarda\/wp-json\/wp\/v2\/media?parent=900"}],"wp:term":[{"taxonomy":"category","embeddable":true,"href":"https:\/\/agora.xtec.cat\/iesguinovarda\/wp-json\/wp\/v2\/categories?post=900"},{"taxonomy":"post_tag","embeddable":true,"href":"https:\/\/agora.xtec.cat\/iesguinovarda\/wp-json\/wp\/v2\/tags?post=900"}],"curies":[{"name":"wp","href":"https:\/\/api.w.org\/{rel}","templated":true}]}}