{"id":898,"date":"2019-11-11T09:57:28","date_gmt":"2019-11-11T08:57:28","guid":{"rendered":"https:\/\/agora.xtec.cat\/iesguinovarda\/?p=898"},"modified":"2019-11-11T09:57:28","modified_gmt":"2019-11-11T08:57:28","slug":"la-marato-de-tv3-torna-al-guinovarda","status":"publish","type":"post","link":"https:\/\/agora.xtec.cat\/iesguinovarda\/general\/la-marato-de-tv3-torna-al-guinovarda\/","title":{"rendered":"La Marat\u00f3 de TV3 torna al Guinovarda"},"content":{"rendered":"<p>Un altre any, l&#8217;alumnat de l&#8217;institut Guinovarda ha rebut la visita de la Marat\u00f3 de TV3. <\/p>\n<p>A trav\u00e9s de xerrades per a tots els cursos, l&#8217;alumnat ha pres consci\u00e8ncia de la import\u00e0ncia de la tasca que any rere any realitza la Marat\u00f3, recaptant fons mitjan\u00e7ant la col\u00b7laboraci\u00f3 desinteressada d&#8217;artistes, organitzacions, ciutadans\/es, etc., per donar-los a projectes d&#8217;investigaci\u00f3 m\u00e8dica. Si l&#8217;any passat l&#8217;eix de la Marat\u00f3 va ser la lluita contra el c\u00e0ncer, en aquesta ocasi\u00f3 les protagonistes s\u00f3n les anomenades malalties minorit\u00e0ries. <\/p>\n<p>Aquest tipus de malalties es caracteritzen perqu\u00e8 afecten un m\u00e0xim de 5 persones de cada 10.000, i aquesta edici\u00f3 de la Marat\u00f3 s&#8217;ha proposat donar-los visibilitat a trav\u00e9s de testimonis reals perqu\u00e8 la societat les conegui i contribuir-ne a la investigaci\u00f3 per tal que se&#8217;n puguin agilitzar els diagn\u00f2stics i desenvolupar tractaments.<\/p>\n<p>Moltes gr\u00e0cies a la Marat\u00f3 i a tothom que la fa possible!<\/p>\n<p><a data-flickr-embed=\"true\" href=\"https:\/\/www.flickr.com\/photos\/insguinovarda\/albums\/72157711733592783\" title=\"La Marat\u00f3 de TV3\"><img loading=\"lazy\" decoding=\"async\" src=\"https:\/\/live.staticflickr.com\/65535\/49047709971_0091580c6e_z.jpg\" width=\"640\" height=\"480\" alt=\"La Marat\u00f3 de TV3\"><\/a><script async src=\"\/\/embedr.flickr.com\/assets\/client-code.js\" charset=\"utf-8\"><\/script><\/p>\n","protected":false},"excerpt":{"rendered":"<p>Un altre any, l&#8217;alumnat de l&#8217;institut Guinovarda ha rebut la visita de la Marat\u00f3 de TV3.<br \/>\nA trav\u00e9s de xerrades per a tots els cursos, l&#8217;alumnat ha pres consci\u00e8ncia de la import\u00e0ncia de la tasca que any rere any realitza la Marat\u00f3, recaptant fons mitjan\u00e7ant&hellip;  <a href=\"https:\/\/agora.xtec.cat\/iesguinovarda\/general\/la-marato-de-tv3-torna-al-guinovarda\/\" title=\"Read La Marat\u00f3 de TV3 torna al Guinovarda\">Llegeix m\u00e9s\u00bb<\/a><\/p>\n","protected":false},"author":5,"featured_media":904,"comment_status":"closed","ping_status":"closed","sticky":false,"template":"","format":"standard","meta":{"_bbp_topic_count":0,"_bbp_reply_count":0,"_bbp_total_topic_count":0,"_bbp_total_reply_count":0,"_bbp_voice_count":0,"_bbp_anonymous_reply_count":0,"_bbp_topic_count_hidden":0,"_bbp_reply_count_hidden":0,"_bbp_forum_subforum_count":0,"footnotes":""},"categories":[1,29],"tags":[],"class_list":["post-898","post","type-post","status-publish","format-standard","has-post-thumbnail","hentry","category-general","category-portada"],"post_mailing_queue_ids":[],"_links":{"self":[{"href":"https:\/\/agora.xtec.cat\/iesguinovarda\/wp-json\/wp\/v2\/posts\/898","targetHints":{"allow":["GET"]}}],"collection":[{"href":"https:\/\/agora.xtec.cat\/iesguinovarda\/wp-json\/wp\/v2\/posts"}],"about":[{"href":"https:\/\/agora.xtec.cat\/iesguinovarda\/wp-json\/wp\/v2\/types\/post"}],"author":[{"embeddable":true,"href":"https:\/\/agora.xtec.cat\/iesguinovarda\/wp-json\/wp\/v2\/users\/5"}],"replies":[{"embeddable":true,"href":"https:\/\/agora.xtec.cat\/iesguinovarda\/wp-json\/wp\/v2\/comments?post=898"}],"version-history":[{"count":2,"href":"https:\/\/agora.xtec.cat\/iesguinovarda\/wp-json\/wp\/v2\/posts\/898\/revisions"}],"predecessor-version":[{"id":905,"href":"https:\/\/agora.xtec.cat\/iesguinovarda\/wp-json\/wp\/v2\/posts\/898\/revisions\/905"}],"wp:featuredmedia":[{"embeddable":true,"href":"https:\/\/agora.xtec.cat\/iesguinovarda\/wp-json\/wp\/v2\/media\/904"}],"wp:attachment":[{"href":"https:\/\/agora.xtec.cat\/iesguinovarda\/wp-json\/wp\/v2\/media?parent=898"}],"wp:term":[{"taxonomy":"category","embeddable":true,"href":"https:\/\/agora.xtec.cat\/iesguinovarda\/wp-json\/wp\/v2\/categories?post=898"},{"taxonomy":"post_tag","embeddable":true,"href":"https:\/\/agora.xtec.cat\/iesguinovarda\/wp-json\/wp\/v2\/tags?post=898"}],"curies":[{"name":"wp","href":"https:\/\/api.w.org\/{rel}","templated":true}]}}