{"id":889,"date":"2019-11-07T13:24:56","date_gmt":"2019-11-07T12:24:56","guid":{"rendered":"https:\/\/agora.xtec.cat\/iesguinovarda\/?p=889"},"modified":"2019-11-07T13:30:21","modified_gmt":"2019-11-07T12:30:21","slug":"sortida-a-montserrat-amb-1r-deso","status":"publish","type":"post","link":"https:\/\/agora.xtec.cat\/iesguinovarda\/eso\/eso-1\/sortida-a-montserrat-amb-1r-deso\/","title":{"rendered":"Excursi\u00f3 a Montserrat amb 1r d&#8217;ESO"},"content":{"rendered":"<p>Seguint el solc que hi van deixar els grups de 3r d&#8217;ESO, les m\u00e9s petites i petits de l&#8217;institut, l&#8217;alumnat de 1r d&#8217;ESO, tamb\u00e9 van sortir a rec\u00f3rrer i con\u00e8ixer Montserrat en una activitat relacionada amb l&#8217;\u00e0rea d&#8217;Educaci\u00f3 F\u00edsica.<\/p>\n<p>Igual que les seves companyes i companys grans, van poder gaudir d&#8217;un dia en contacte amb la natura aprenent el respecte pel medi ambient; realitzant activitat f\u00edsica; compartint moments i establint vincles personal; fruint i descobrint el nostre entorn, i per descomptat, jugant i divertint-se!<\/p>\n<p><a data-flickr-embed=\"true\" href=\"https:\/\/www.flickr.com\/photos\/insguinovarda\/albums\/72157711681221388\" title=\"Sortida a Montserrat, 1r d&#x27;ESO\"><img loading=\"lazy\" decoding=\"async\" src=\"https:\/\/live.staticflickr.com\/65535\/49028432161_b6e9b675d4_z.jpg\" width=\"640\" height=\"480\" alt=\"Sortida a Montserrat, 1r d&#x27;ESO\"><\/a><script async src=\"\/\/embedr.flickr.com\/assets\/client-code.js\" charset=\"utf-8\"><\/script><\/p>\n","protected":false},"excerpt":{"rendered":"<p>Seguint el solc que hi van deixar els grups de 3r d&#8217;ESO, les m\u00e9s petites i petits de l&#8217;institut, l&#8217;alumnat de 1r d&#8217;ESO, tamb\u00e9 van sortir a rec\u00f3rrer i con\u00e8ixer Montserrat en una activitat relacionada amb l&#8217;\u00e0rea d&#8217;Educaci\u00f3 F\u00edsica.<br \/>\nIgual que les seves companyes i companys&hellip;  <a href=\"https:\/\/agora.xtec.cat\/iesguinovarda\/eso\/eso-1\/sortida-a-montserrat-amb-1r-deso\/\" title=\"Read Excursi\u00f3 a Montserrat amb 1r d&#8217;ESO\">Llegeix m\u00e9s\u00bb<\/a><\/p>\n","protected":false},"author":5,"featured_media":892,"comment_status":"closed","ping_status":"closed","sticky":false,"template":"","format":"standard","meta":{"_bbp_topic_count":0,"_bbp_reply_count":0,"_bbp_total_topic_count":0,"_bbp_total_reply_count":0,"_bbp_voice_count":0,"_bbp_anonymous_reply_count":0,"_bbp_topic_count_hidden":0,"_bbp_reply_count_hidden":0,"_bbp_forum_subforum_count":0,"footnotes":""},"categories":[4,29],"tags":[],"class_list":["post-889","post","type-post","status-publish","format-standard","has-post-thumbnail","hentry","category-eso-1","category-portada"],"post_mailing_queue_ids":[],"_links":{"self":[{"href":"https:\/\/agora.xtec.cat\/iesguinovarda\/wp-json\/wp\/v2\/posts\/889","targetHints":{"allow":["GET"]}}],"collection":[{"href":"https:\/\/agora.xtec.cat\/iesguinovarda\/wp-json\/wp\/v2\/posts"}],"about":[{"href":"https:\/\/agora.xtec.cat\/iesguinovarda\/wp-json\/wp\/v2\/types\/post"}],"author":[{"embeddable":true,"href":"https:\/\/agora.xtec.cat\/iesguinovarda\/wp-json\/wp\/v2\/users\/5"}],"replies":[{"embeddable":true,"href":"https:\/\/agora.xtec.cat\/iesguinovarda\/wp-json\/wp\/v2\/comments?post=889"}],"version-history":[{"count":3,"href":"https:\/\/agora.xtec.cat\/iesguinovarda\/wp-json\/wp\/v2\/posts\/889\/revisions"}],"predecessor-version":[{"id":897,"href":"https:\/\/agora.xtec.cat\/iesguinovarda\/wp-json\/wp\/v2\/posts\/889\/revisions\/897"}],"wp:featuredmedia":[{"embeddable":true,"href":"https:\/\/agora.xtec.cat\/iesguinovarda\/wp-json\/wp\/v2\/media\/892"}],"wp:attachment":[{"href":"https:\/\/agora.xtec.cat\/iesguinovarda\/wp-json\/wp\/v2\/media?parent=889"}],"wp:term":[{"taxonomy":"category","embeddable":true,"href":"https:\/\/agora.xtec.cat\/iesguinovarda\/wp-json\/wp\/v2\/categories?post=889"},{"taxonomy":"post_tag","embeddable":true,"href":"https:\/\/agora.xtec.cat\/iesguinovarda\/wp-json\/wp\/v2\/tags?post=889"}],"curies":[{"name":"wp","href":"https:\/\/api.w.org\/{rel}","templated":true}]}}