{"id":884,"date":"2019-11-06T14:37:16","date_gmt":"2019-11-06T13:37:16","guid":{"rendered":"https:\/\/agora.xtec.cat\/iesguinovarda\/?p=884"},"modified":"2019-11-06T14:37:16","modified_gmt":"2019-11-06T13:37:16","slug":"forum-de-les-families-13-11-2019","status":"publish","type":"post","link":"https:\/\/agora.xtec.cat\/iesguinovarda\/portada\/forum-de-les-families-13-11-2019\/","title":{"rendered":"F\u00d2RUM DE LES FAM\u00cdLIES 13\/11\/2019"},"content":{"rendered":"<p>Us informem que el proper dimecres dia 13 de novembre tornarem a celebrar al nostre centre el \u201cF\u00f2rum de les fam\u00edlies\u201d. Aquesta proposta neix de la necessitat de millorar la comunicaci\u00f3 institut-fam\u00edlies aix\u00ed com la implicaci\u00f3 de les fam\u00edlies en el desenvolupament acad\u00e8mic dels nois i noies.<\/p>\n<p>De les 15:45 h fins les 17.20 h tot el professorat del centre estar\u00e0 disponible per a les fam\u00edlies amb la finalitat de poder tractar de forma breu (15-20 minuts) aspectes relacionats amb el treball i avaluaci\u00f3 de l&#8217;alumne\/a.<\/p>\n<p><a href=\"https:\/\/drive.google.com\/open?id=1izxjjQb09lADScAKsREe-UFdroGXv4Df\" target=\"_blank\" rel=\"noopener noreferrer\">Aules i professorat ESO i Batxillerat<\/a><\/p>\n<p><a href=\"https:\/\/drive.google.com\/open?id=1q0NVXQVXhPXM89VjrCTZ1UnKg9K_lG7P\" target=\"_blank\" rel=\"noopener noreferrer\">Aules i professorat Cicles<\/a><\/p>\n","protected":false},"excerpt":{"rendered":"<p>Us informem que el proper dimecres dia 13 de novembre tornarem a celebrar al nostre centre el \u201cF\u00f2rum de les fam\u00edlies\u201d. Aquesta proposta neix de la necessitat de millorar la comunicaci\u00f3 institut-fam\u00edlies aix\u00ed com la implicaci\u00f3 de les fam\u00edlies en el desenvolupament acad\u00e8mic dels nois&hellip;  <a href=\"https:\/\/agora.xtec.cat\/iesguinovarda\/portada\/forum-de-les-families-13-11-2019\/\" title=\"Read F\u00d2RUM DE LES FAM\u00cdLIES 13\/11\/2019\">Llegeix m\u00e9s\u00bb<\/a><\/p>\n","protected":false},"author":4,"featured_media":0,"comment_status":"closed","ping_status":"closed","sticky":false,"template":"","format":"standard","meta":{"_bbp_topic_count":0,"_bbp_reply_count":0,"_bbp_total_topic_count":0,"_bbp_total_reply_count":0,"_bbp_voice_count":0,"_bbp_anonymous_reply_count":0,"_bbp_topic_count_hidden":0,"_bbp_reply_count_hidden":0,"_bbp_forum_subforum_count":0,"footnotes":""},"categories":[29],"tags":[],"class_list":["post-884","post","type-post","status-publish","format-standard","hentry","category-portada"],"post_mailing_queue_ids":[],"_links":{"self":[{"href":"https:\/\/agora.xtec.cat\/iesguinovarda\/wp-json\/wp\/v2\/posts\/884","targetHints":{"allow":["GET"]}}],"collection":[{"href":"https:\/\/agora.xtec.cat\/iesguinovarda\/wp-json\/wp\/v2\/posts"}],"about":[{"href":"https:\/\/agora.xtec.cat\/iesguinovarda\/wp-json\/wp\/v2\/types\/post"}],"author":[{"embeddable":true,"href":"https:\/\/agora.xtec.cat\/iesguinovarda\/wp-json\/wp\/v2\/users\/4"}],"replies":[{"embeddable":true,"href":"https:\/\/agora.xtec.cat\/iesguinovarda\/wp-json\/wp\/v2\/comments?post=884"}],"version-history":[{"count":1,"href":"https:\/\/agora.xtec.cat\/iesguinovarda\/wp-json\/wp\/v2\/posts\/884\/revisions"}],"predecessor-version":[{"id":885,"href":"https:\/\/agora.xtec.cat\/iesguinovarda\/wp-json\/wp\/v2\/posts\/884\/revisions\/885"}],"wp:attachment":[{"href":"https:\/\/agora.xtec.cat\/iesguinovarda\/wp-json\/wp\/v2\/media?parent=884"}],"wp:term":[{"taxonomy":"category","embeddable":true,"href":"https:\/\/agora.xtec.cat\/iesguinovarda\/wp-json\/wp\/v2\/categories?post=884"},{"taxonomy":"post_tag","embeddable":true,"href":"https:\/\/agora.xtec.cat\/iesguinovarda\/wp-json\/wp\/v2\/tags?post=884"}],"curies":[{"name":"wp","href":"https:\/\/api.w.org\/{rel}","templated":true}]}}