{"id":878,"date":"2019-10-31T13:33:34","date_gmt":"2019-10-31T12:33:34","guid":{"rendered":"https:\/\/agora.xtec.cat\/iesguinovarda\/?p=878"},"modified":"2019-10-31T13:33:34","modified_gmt":"2019-10-31T12:33:34","slug":"tractam-de-tu","status":"publish","type":"post","link":"https:\/\/agora.xtec.cat\/iesguinovarda\/eso\/eso-3\/tractam-de-tu\/","title":{"rendered":"Tracta&#8217;m de tu"},"content":{"rendered":"<p>Un any m\u00e9s, l&#8217;alumnat de 3r i 4t d&#8217;ESO ha participat en el projecte &#8220;Tracta&#8217;m de tu&#8221;, que es realitza des del Pla Educatiu d&#8217;Entorn de Piera. <\/p>\n<p>Aquest projecte, que compta amb la col\u00b7laboraci\u00f3 de ve\u00efnes i ve\u00efns de la tercera edat de Piera, tracta de trencar amb alguns dels t\u00f2pics m\u00e9s negatius sobre la vellesa i d&#8217;apropar la gent m\u00e9s gran a la gent m\u00e9s jove establint-hi un vincle intergeneracional. <\/p>\n<p>A banda de participar en una xerrada a c\u00e0rrec de la Maria i el Josep Llu\u00eds, que dinamitzen l&#8217;activitat any rere any, l&#8217;alumnat ha pogut compartir moments amb gent gran, aprendre de les seves experi\u00e8ncies i entendre el seu punt de vista sobre la vida. Per aix\u00f2, des de l&#8217;Institut Guinovarda, volem donar les gr\u00e0cies a la Mili, el Miquel, el Josep Llu\u00eds i el Josep Maria per la seva participaci\u00f3 desinteressada i les seves aportacions tan enriquidores.<\/p>\n<p>Ara, el projecte continuar\u00e0 de la m\u00e0 de les alumnes i els alumnes, que hauran de plasmar tot all\u00f2 que n&#8217;han apr\u00e8s en un v\u00eddeo\/spot que presentaran a concurs en els propers Jocs Florals. <\/p>\n<p><a data-flickr-embed=\"true\" href=\"https:\/\/www.flickr.com\/photos\/insguinovarda\/albums\/72157711580497943\" title=\"Tracta&#x27;m de tu\"><img loading=\"lazy\" decoding=\"async\" src=\"https:\/\/live.staticflickr.com\/65535\/48990547671_8d37286709_z.jpg\" width=\"640\" height=\"480\" alt=\"Tracta&#x27;m de tu\"><\/a><script async src=\"\/\/embedr.flickr.com\/assets\/client-code.js\" charset=\"utf-8\"><\/script><\/p>\n","protected":false},"excerpt":{"rendered":"<p>Un any m\u00e9s, l&#8217;alumnat de 3r i 4t d&#8217;ESO ha participat en el projecte &#8220;Tracta&#8217;m de tu&#8221;, que es realitza des del Pla Educatiu d&#8217;Entorn de Piera.<br \/>\nAquest projecte, que compta amb la col\u00b7laboraci\u00f3 de ve\u00efnes i ve\u00efns de la tercera edat de Piera, tracta&hellip;  <a href=\"https:\/\/agora.xtec.cat\/iesguinovarda\/eso\/eso-3\/tractam-de-tu\/\" title=\"Read Tracta&#8217;m de tu\">Llegeix m\u00e9s\u00bb<\/a><\/p>\n","protected":false},"author":5,"featured_media":879,"comment_status":"closed","ping_status":"closed","sticky":false,"template":"","format":"standard","meta":{"_bbp_topic_count":0,"_bbp_reply_count":0,"_bbp_total_topic_count":0,"_bbp_total_reply_count":0,"_bbp_voice_count":0,"_bbp_anonymous_reply_count":0,"_bbp_topic_count_hidden":0,"_bbp_reply_count_hidden":0,"_bbp_forum_subforum_count":0,"footnotes":""},"categories":[6,7,29],"tags":[],"class_list":["post-878","post","type-post","status-publish","format-standard","has-post-thumbnail","hentry","category-eso-3","category-eso-4","category-portada"],"post_mailing_queue_ids":[],"_links":{"self":[{"href":"https:\/\/agora.xtec.cat\/iesguinovarda\/wp-json\/wp\/v2\/posts\/878","targetHints":{"allow":["GET"]}}],"collection":[{"href":"https:\/\/agora.xtec.cat\/iesguinovarda\/wp-json\/wp\/v2\/posts"}],"about":[{"href":"https:\/\/agora.xtec.cat\/iesguinovarda\/wp-json\/wp\/v2\/types\/post"}],"author":[{"embeddable":true,"href":"https:\/\/agora.xtec.cat\/iesguinovarda\/wp-json\/wp\/v2\/users\/5"}],"replies":[{"embeddable":true,"href":"https:\/\/agora.xtec.cat\/iesguinovarda\/wp-json\/wp\/v2\/comments?post=878"}],"version-history":[{"count":3,"href":"https:\/\/agora.xtec.cat\/iesguinovarda\/wp-json\/wp\/v2\/posts\/878\/revisions"}],"predecessor-version":[{"id":882,"href":"https:\/\/agora.xtec.cat\/iesguinovarda\/wp-json\/wp\/v2\/posts\/878\/revisions\/882"}],"wp:featuredmedia":[{"embeddable":true,"href":"https:\/\/agora.xtec.cat\/iesguinovarda\/wp-json\/wp\/v2\/media\/879"}],"wp:attachment":[{"href":"https:\/\/agora.xtec.cat\/iesguinovarda\/wp-json\/wp\/v2\/media?parent=878"}],"wp:term":[{"taxonomy":"category","embeddable":true,"href":"https:\/\/agora.xtec.cat\/iesguinovarda\/wp-json\/wp\/v2\/categories?post=878"},{"taxonomy":"post_tag","embeddable":true,"href":"https:\/\/agora.xtec.cat\/iesguinovarda\/wp-json\/wp\/v2\/tags?post=878"}],"curies":[{"name":"wp","href":"https:\/\/api.w.org\/{rel}","templated":true}]}}