{"id":873,"date":"2019-10-29T10:32:20","date_gmt":"2019-10-29T09:32:20","guid":{"rendered":"https:\/\/agora.xtec.cat\/iesguinovarda\/?p=873"},"modified":"2019-10-29T10:32:20","modified_gmt":"2019-10-29T09:32:20","slug":"vaga-destudiants-30-i-31-doctubre","status":"publish","type":"post","link":"https:\/\/agora.xtec.cat\/iesguinovarda\/general\/vaga-destudiants-30-i-31-doctubre\/","title":{"rendered":"VAGA D&#8217;ESTUDIANTS 30 I 31 d&#8217;OCTUBRE"},"content":{"rendered":"<p>Hi ha convocada una vaga d\u2019estudiants per dimecres 30 i dijous 31\u00a0 d&#8217;octubre.<\/p>\n<p>Tot i que des de la direcci\u00f3 del centre a trav\u00e9s de la delegada del Consell de Delegats, se&#8217;ls va aconsellar que fessin nom\u00e9s un dia de vaga els\/les\u00a0 alumnes tenen el seu dret a fer vaga\u00a0 si est\u00e0 convocada i han demanat fer els dos dies.<\/p>\n<p>Han demanat fer la vaga seguint el protocol establert tots els grups de 3r d\u2019ESO, 4t d\u2019ESO, Batxillerat i cicles formatius i per tant poden fer-la. (Els alumnes de 1r i 2n del cicle SMX\u00a0 i els de 3r ESO C faran vaga nom\u00e9s el dijous 31)<\/p>\n<p>L\u2019alumnat de 1r i 2n d\u2019ESO no t\u00e9 dret a fer vaga.<\/p>\n<p>Recordem que el dret de fer vaga \u00e9s individual i que malgrat el grup classe hagi decidit donar suport a la vaga, cada alumne i fam\u00edlia pot decidir si exerceix aquest dret i per tant si assisteix a classe o no. Els alumnes de 3r i 4t d\u2019ESO necessiten autoritzaci\u00f3 dels pares, mares o tutors legals per poder justificar aquesta falta com a vaga.<\/p>\n<p>Les classes pels alumnes que assisteixin al centre es duran a terme amb normalitat. El professorat pot decidir si avan\u00e7a o no mat\u00e8ria, per\u00f2 no es poden dur a terme activitats avaluables.<\/p>\n<p>&nbsp;<\/p>\n","protected":false},"excerpt":{"rendered":"<p>Hi ha convocada una vaga d\u2019estudiants per dimecres 30 i dijous 31\u00a0 d&#8217;octubre.<br \/>\nTot i que des de la direcci\u00f3 del centre a trav\u00e9s de la delegada del Consell de Delegats, se&#8217;ls va aconsellar que fessin nom\u00e9s un dia de vaga els\/les\u00a0 alumnes tenen el seu&hellip;  <a href=\"https:\/\/agora.xtec.cat\/iesguinovarda\/general\/vaga-destudiants-30-i-31-doctubre\/\" title=\"Read VAGA D&#8217;ESTUDIANTS 30 I 31 d&#8217;OCTUBRE\">Llegeix m\u00e9s\u00bb<\/a><\/p>\n","protected":false},"author":4,"featured_media":0,"comment_status":"closed","ping_status":"closed","sticky":false,"template":"","format":"standard","meta":{"_bbp_topic_count":0,"_bbp_reply_count":0,"_bbp_total_topic_count":0,"_bbp_total_reply_count":0,"_bbp_voice_count":0,"_bbp_anonymous_reply_count":0,"_bbp_topic_count_hidden":0,"_bbp_reply_count_hidden":0,"_bbp_forum_subforum_count":0,"footnotes":""},"categories":[1,29],"tags":[],"class_list":["post-873","post","type-post","status-publish","format-standard","hentry","category-general","category-portada"],"post_mailing_queue_ids":[],"_links":{"self":[{"href":"https:\/\/agora.xtec.cat\/iesguinovarda\/wp-json\/wp\/v2\/posts\/873","targetHints":{"allow":["GET"]}}],"collection":[{"href":"https:\/\/agora.xtec.cat\/iesguinovarda\/wp-json\/wp\/v2\/posts"}],"about":[{"href":"https:\/\/agora.xtec.cat\/iesguinovarda\/wp-json\/wp\/v2\/types\/post"}],"author":[{"embeddable":true,"href":"https:\/\/agora.xtec.cat\/iesguinovarda\/wp-json\/wp\/v2\/users\/4"}],"replies":[{"embeddable":true,"href":"https:\/\/agora.xtec.cat\/iesguinovarda\/wp-json\/wp\/v2\/comments?post=873"}],"version-history":[{"count":1,"href":"https:\/\/agora.xtec.cat\/iesguinovarda\/wp-json\/wp\/v2\/posts\/873\/revisions"}],"predecessor-version":[{"id":874,"href":"https:\/\/agora.xtec.cat\/iesguinovarda\/wp-json\/wp\/v2\/posts\/873\/revisions\/874"}],"wp:attachment":[{"href":"https:\/\/agora.xtec.cat\/iesguinovarda\/wp-json\/wp\/v2\/media?parent=873"}],"wp:term":[{"taxonomy":"category","embeddable":true,"href":"https:\/\/agora.xtec.cat\/iesguinovarda\/wp-json\/wp\/v2\/categories?post=873"},{"taxonomy":"post_tag","embeddable":true,"href":"https:\/\/agora.xtec.cat\/iesguinovarda\/wp-json\/wp\/v2\/tags?post=873"}],"curies":[{"name":"wp","href":"https:\/\/api.w.org\/{rel}","templated":true}]}}