{"id":865,"date":"2019-10-17T09:20:02","date_gmt":"2019-10-17T07:20:02","guid":{"rendered":"https:\/\/agora.xtec.cat\/iesguinovarda\/?p=865"},"modified":"2019-10-17T12:05:13","modified_gmt":"2019-10-17T10:05:13","slug":"vaga-general-divendres-18-doctubre","status":"publish","type":"post","link":"https:\/\/agora.xtec.cat\/iesguinovarda\/portada\/vaga-general-divendres-18-doctubre\/","title":{"rendered":"VAGA GENERAL DIVENDRES 18 D&#8217;OCTUBRE"},"content":{"rendered":"<p>Hi ha convocada una vaga general de treballadors pel divendres dia 18 d&#8217;octubre, a m\u00e9s de la vaga d&#8217;estudiants.<\/p>\n<p>Els centre romandr\u00e0 obert amb serveis m\u00ednims per\u00f2 no es garanteix el normal funcionament de les classes ja que hi haur\u00e0 professors que exerciran el seu dret a vaga i altres que no l&#8217;exerciran per\u00f2 potser no podran arribar al centre depenent de les dificultats de circulaci\u00f3 per les carreteres que es trobin, ja que la majoria de professors del centre no s\u00f3n residents a Piera.<\/p>\n<p>El Consell Comarcal ha comunicat que NO HI HAUR\u00c0 SERVEI DE TRANSPORT ESCOLAR<\/p>\n<p>&nbsp;<\/p>\n<p>&nbsp;<\/p>\n<p>&nbsp;<\/p>\n<p>&nbsp;<\/p>\n<p>&nbsp;<\/p>\n","protected":false},"excerpt":{"rendered":"<p>Hi ha convocada una vaga general de treballadors pel divendres dia 18 d&#8217;octubre, a m\u00e9s de la vaga d&#8217;estudiants.<br \/>\nEls centre romandr\u00e0 obert amb serveis m\u00ednims per\u00f2 no es garanteix el normal funcionament de les classes ja que hi haur\u00e0 professors que exerciran el seu dret&hellip;  <a href=\"https:\/\/agora.xtec.cat\/iesguinovarda\/portada\/vaga-general-divendres-18-doctubre\/\" title=\"Read VAGA GENERAL DIVENDRES 18 D&#8217;OCTUBRE\">Llegeix m\u00e9s\u00bb<\/a><\/p>\n","protected":false},"author":3,"featured_media":0,"comment_status":"closed","ping_status":"closed","sticky":false,"template":"","format":"standard","meta":{"_bbp_topic_count":0,"_bbp_reply_count":0,"_bbp_total_topic_count":0,"_bbp_total_reply_count":0,"_bbp_voice_count":0,"_bbp_anonymous_reply_count":0,"_bbp_topic_count_hidden":0,"_bbp_reply_count_hidden":0,"_bbp_forum_subforum_count":0,"footnotes":""},"categories":[29],"tags":[],"class_list":["post-865","post","type-post","status-publish","format-standard","hentry","category-portada"],"post_mailing_queue_ids":[],"_links":{"self":[{"href":"https:\/\/agora.xtec.cat\/iesguinovarda\/wp-json\/wp\/v2\/posts\/865","targetHints":{"allow":["GET"]}}],"collection":[{"href":"https:\/\/agora.xtec.cat\/iesguinovarda\/wp-json\/wp\/v2\/posts"}],"about":[{"href":"https:\/\/agora.xtec.cat\/iesguinovarda\/wp-json\/wp\/v2\/types\/post"}],"author":[{"embeddable":true,"href":"https:\/\/agora.xtec.cat\/iesguinovarda\/wp-json\/wp\/v2\/users\/3"}],"replies":[{"embeddable":true,"href":"https:\/\/agora.xtec.cat\/iesguinovarda\/wp-json\/wp\/v2\/comments?post=865"}],"version-history":[{"count":3,"href":"https:\/\/agora.xtec.cat\/iesguinovarda\/wp-json\/wp\/v2\/posts\/865\/revisions"}],"predecessor-version":[{"id":869,"href":"https:\/\/agora.xtec.cat\/iesguinovarda\/wp-json\/wp\/v2\/posts\/865\/revisions\/869"}],"wp:attachment":[{"href":"https:\/\/agora.xtec.cat\/iesguinovarda\/wp-json\/wp\/v2\/media?parent=865"}],"wp:term":[{"taxonomy":"category","embeddable":true,"href":"https:\/\/agora.xtec.cat\/iesguinovarda\/wp-json\/wp\/v2\/categories?post=865"},{"taxonomy":"post_tag","embeddable":true,"href":"https:\/\/agora.xtec.cat\/iesguinovarda\/wp-json\/wp\/v2\/tags?post=865"}],"curies":[{"name":"wp","href":"https:\/\/api.w.org\/{rel}","templated":true}]}}