{"id":859,"date":"2019-10-14T11:49:56","date_gmt":"2019-10-14T09:49:56","guid":{"rendered":"https:\/\/agora.xtec.cat\/iesguinovarda\/?p=859"},"modified":"2019-10-14T11:50:52","modified_gmt":"2019-10-14T09:50:52","slug":"lhort-del-guinovarda-va-endavant","status":"publish","type":"post","link":"https:\/\/agora.xtec.cat\/iesguinovarda\/general\/lhort-del-guinovarda-va-endavant\/","title":{"rendered":"L&#8217;hort del Guinovarda va endavant!"},"content":{"rendered":"<p>L&#8217;alumnat de l&#8217;Aula Oberta, de la m\u00e0 de la Vanessa Ferrera, despr\u00e9s de treballar durament i amb moltes ganes, ha deixat enllestit l&#8217;hort que properament ens brindar\u00e0 una collita de verdures d&#8217;all\u00f2 m\u00e9s divers: enciams, cols, bledes&#8230; Tot sembrat i conreat de la manera m\u00e9s natural!<\/p>\n<p><a data-flickr-embed=\"true\" href=\"https:\/\/www.flickr.com\/photos\/insguinovarda\/albums\/72157711288268238\" title=\"L&#x27;hort del Guinovarda\"><img loading=\"lazy\" decoding=\"async\" src=\"https:\/\/live.staticflickr.com\/65535\/48879622661_08aef4bab2_z.jpg\" width=\"640\" height=\"480\" alt=\"L&#x27;hort del Guinovarda\"><\/a><script async src=\"\/\/embedr.flickr.com\/assets\/client-code.js\" charset=\"utf-8\"><\/script><\/p>\n","protected":false},"excerpt":{"rendered":"<p>L&#8217;alumnat de l&#8217;Aula Oberta, de la m\u00e0 de la Vanessa Ferrera, despr\u00e9s de treballar durament i amb moltes ganes, ha deixat enllestit l&#8217;hort que properament ens brindar\u00e0 una collita de verdures d&#8217;all\u00f2 m\u00e9s divers: enciams, cols, bledes&#8230; Tot sembrat i conreat de la manera m\u00e9s&hellip;  <a href=\"https:\/\/agora.xtec.cat\/iesguinovarda\/general\/lhort-del-guinovarda-va-endavant\/\" title=\"Read L&#8217;hort del Guinovarda va endavant!\">Llegeix m\u00e9s\u00bb<\/a><\/p>\n","protected":false},"author":5,"featured_media":860,"comment_status":"closed","ping_status":"closed","sticky":false,"template":"","format":"standard","meta":{"_bbp_topic_count":0,"_bbp_reply_count":0,"_bbp_total_topic_count":0,"_bbp_total_reply_count":0,"_bbp_voice_count":0,"_bbp_anonymous_reply_count":0,"_bbp_topic_count_hidden":0,"_bbp_reply_count_hidden":0,"_bbp_forum_subforum_count":0,"footnotes":""},"categories":[1,29],"tags":[],"class_list":["post-859","post","type-post","status-publish","format-standard","has-post-thumbnail","hentry","category-general","category-portada"],"post_mailing_queue_ids":[],"_links":{"self":[{"href":"https:\/\/agora.xtec.cat\/iesguinovarda\/wp-json\/wp\/v2\/posts\/859","targetHints":{"allow":["GET"]}}],"collection":[{"href":"https:\/\/agora.xtec.cat\/iesguinovarda\/wp-json\/wp\/v2\/posts"}],"about":[{"href":"https:\/\/agora.xtec.cat\/iesguinovarda\/wp-json\/wp\/v2\/types\/post"}],"author":[{"embeddable":true,"href":"https:\/\/agora.xtec.cat\/iesguinovarda\/wp-json\/wp\/v2\/users\/5"}],"replies":[{"embeddable":true,"href":"https:\/\/agora.xtec.cat\/iesguinovarda\/wp-json\/wp\/v2\/comments?post=859"}],"version-history":[{"count":2,"href":"https:\/\/agora.xtec.cat\/iesguinovarda\/wp-json\/wp\/v2\/posts\/859\/revisions"}],"predecessor-version":[{"id":862,"href":"https:\/\/agora.xtec.cat\/iesguinovarda\/wp-json\/wp\/v2\/posts\/859\/revisions\/862"}],"wp:featuredmedia":[{"embeddable":true,"href":"https:\/\/agora.xtec.cat\/iesguinovarda\/wp-json\/wp\/v2\/media\/860"}],"wp:attachment":[{"href":"https:\/\/agora.xtec.cat\/iesguinovarda\/wp-json\/wp\/v2\/media?parent=859"}],"wp:term":[{"taxonomy":"category","embeddable":true,"href":"https:\/\/agora.xtec.cat\/iesguinovarda\/wp-json\/wp\/v2\/categories?post=859"},{"taxonomy":"post_tag","embeddable":true,"href":"https:\/\/agora.xtec.cat\/iesguinovarda\/wp-json\/wp\/v2\/tags?post=859"}],"curies":[{"name":"wp","href":"https:\/\/api.w.org\/{rel}","templated":true}]}}