{"id":851,"date":"2019-10-10T13:17:06","date_gmt":"2019-10-10T11:17:06","guid":{"rendered":"https:\/\/agora.xtec.cat\/iesguinovarda\/?p=851"},"modified":"2019-10-10T13:19:27","modified_gmt":"2019-10-10T11:19:27","slug":"xerrada-del-servei-sad-a-2n-de-tapsd","status":"publish","type":"post","link":"https:\/\/agora.xtec.cat\/iesguinovarda\/general\/xerrada-del-servei-sad-a-2n-de-tapsd\/","title":{"rendered":"Xerrada del servei SAD a 2n de TAPSD"},"content":{"rendered":"<p>El passat dijous, 3 d&#8217;octubre, la coordinadora del servei SAD de l&#8217;Anoia Sud, la Gemma Grait, va venir al centre a fer una xerrada als alumnes de segon de TAPSD. La xerrada va consistir en explicar el funcionament d&#8217;aquest Servei d&#8217;Atenci\u00f3 Domicili\u00e0ria que at\u00e9n actualment dues-centes persones en estat de depend\u00e8ncia a les seves llars.<\/p>\n<p><a data-flickr-embed=\"true\" href=\"https:\/\/www.flickr.com\/photos\/insguinovarda\/albums\/72157711272739966\" title=\"Xerrada servei SAD 2n TAPSD\"><img loading=\"lazy\" decoding=\"async\" src=\"https:\/\/live.staticflickr.com\/65535\/48874871641_2ecf2bc799_z.jpg\" width=\"480\" height=\"640\" alt=\"Xerrada servei SAD 2n TAPSD\"><\/a><script async src=\"\/\/embedr.flickr.com\/assets\/client-code.js\" charset=\"utf-8\"><\/script><\/p>\n","protected":false},"excerpt":{"rendered":"<p>El passat dijous, 3 d&#8217;octubre, la coordinadora del servei SAD de l&#8217;Anoia Sud, la Gemma Grait, va venir al centre a fer una xerrada als alumnes de segon de TAPSD. La xerrada va consistir en explicar el funcionament d&#8217;aquest Servei d&#8217;Atenci\u00f3 Domicili\u00e0ria que at\u00e9n actualment&hellip;  <a href=\"https:\/\/agora.xtec.cat\/iesguinovarda\/general\/xerrada-del-servei-sad-a-2n-de-tapsd\/\" title=\"Read Xerrada del servei SAD a 2n de TAPSD\">Llegeix m\u00e9s\u00bb<\/a><\/p>\n","protected":false},"author":5,"featured_media":852,"comment_status":"closed","ping_status":"closed","sticky":false,"template":"","format":"standard","meta":{"_bbp_topic_count":0,"_bbp_reply_count":0,"_bbp_total_topic_count":0,"_bbp_total_reply_count":0,"_bbp_voice_count":0,"_bbp_anonymous_reply_count":0,"_bbp_topic_count_hidden":0,"_bbp_reply_count_hidden":0,"_bbp_forum_subforum_count":0,"footnotes":""},"categories":[30,1,29],"tags":[],"class_list":["post-851","post","type-post","status-publish","format-standard","has-post-thumbnail","hentry","category-cicles-formatius","category-general","category-portada"],"post_mailing_queue_ids":[],"_links":{"self":[{"href":"https:\/\/agora.xtec.cat\/iesguinovarda\/wp-json\/wp\/v2\/posts\/851","targetHints":{"allow":["GET"]}}],"collection":[{"href":"https:\/\/agora.xtec.cat\/iesguinovarda\/wp-json\/wp\/v2\/posts"}],"about":[{"href":"https:\/\/agora.xtec.cat\/iesguinovarda\/wp-json\/wp\/v2\/types\/post"}],"author":[{"embeddable":true,"href":"https:\/\/agora.xtec.cat\/iesguinovarda\/wp-json\/wp\/v2\/users\/5"}],"replies":[{"embeddable":true,"href":"https:\/\/agora.xtec.cat\/iesguinovarda\/wp-json\/wp\/v2\/comments?post=851"}],"version-history":[{"count":4,"href":"https:\/\/agora.xtec.cat\/iesguinovarda\/wp-json\/wp\/v2\/posts\/851\/revisions"}],"predecessor-version":[{"id":858,"href":"https:\/\/agora.xtec.cat\/iesguinovarda\/wp-json\/wp\/v2\/posts\/851\/revisions\/858"}],"wp:featuredmedia":[{"embeddable":true,"href":"https:\/\/agora.xtec.cat\/iesguinovarda\/wp-json\/wp\/v2\/media\/852"}],"wp:attachment":[{"href":"https:\/\/agora.xtec.cat\/iesguinovarda\/wp-json\/wp\/v2\/media?parent=851"}],"wp:term":[{"taxonomy":"category","embeddable":true,"href":"https:\/\/agora.xtec.cat\/iesguinovarda\/wp-json\/wp\/v2\/categories?post=851"},{"taxonomy":"post_tag","embeddable":true,"href":"https:\/\/agora.xtec.cat\/iesguinovarda\/wp-json\/wp\/v2\/tags?post=851"}],"curies":[{"name":"wp","href":"https:\/\/api.w.org\/{rel}","templated":true}]}}