{"id":840,"date":"2019-09-26T08:55:13","date_gmt":"2019-09-26T06:55:13","guid":{"rendered":"https:\/\/agora.xtec.cat\/iesguinovarda\/?p=840"},"modified":"2019-09-26T08:56:51","modified_gmt":"2019-09-26T06:56:51","slug":"vaga-destudiants-divendres-27-09-2019","status":"publish","type":"post","link":"https:\/\/agora.xtec.cat\/iesguinovarda\/portada\/vaga-destudiants-divendres-27-09-2019\/","title":{"rendered":"VAGA D&#8217;ESTUDIANTS DIVENDRES 27\/09\/2019"},"content":{"rendered":"<p>Hi ha convocada una vaga d&#8217;estudiants per divendres dia 27 de setembre.<\/p>\n<p>Han demanat fer la vaga seguint el protocol establert tots els grups de 3r d&#8217;ESO, 4t d&#8217;ESO, Batxillerat i cicles formatius i per tant poden fer-la, EXCEPTE 1r de Batx B.<\/p>\n<p>L&#8217;alumnat de 1r i 2n d&#8217;ESO no t\u00e9 dret a fer vaga.<\/p>\n<p>Recordem que el dret de fer vaga \u00e9s individual i que malgrat el grup classe hagi decidit donar suport a la vaga, cada alumne i fam\u00edlia pot decidir si exerceix aquest dret i per tant si assisteix a classe o no. Els alumnes de 3r i 4t d&#8217;ESO necessiten autoritzaci\u00f3 dels pares, mares o tutors legals per poder justificar aquesta falta com a vaga.<\/p>\n<p>Les classes pels alumnes que assisteixin al centre es duran a terme amb normalitat. El professorat pot decidir si avan\u00e7a o no mat\u00e8ria, per\u00f2 no es poden dur a terme activitats avaluables.<\/p>\n","protected":false},"excerpt":{"rendered":"<p>Hi ha convocada una vaga d&#8217;estudiants per divendres dia 27 de setembre.<br \/>\nHan demanat fer la vaga seguint el protocol establert tots els grups de 3r d&#8217;ESO, 4t d&#8217;ESO, Batxillerat i cicles formatius i per tant poden fer-la, EXCEPTE 1r de Batx B.<br \/>\nL&#8217;alumnat de 1r i&hellip;  <a href=\"https:\/\/agora.xtec.cat\/iesguinovarda\/portada\/vaga-destudiants-divendres-27-09-2019\/\" title=\"Read VAGA D&#8217;ESTUDIANTS DIVENDRES 27\/09\/2019\">Llegeix m\u00e9s\u00bb<\/a><\/p>\n","protected":false},"author":3,"featured_media":0,"comment_status":"closed","ping_status":"closed","sticky":false,"template":"","format":"standard","meta":{"_bbp_topic_count":0,"_bbp_reply_count":0,"_bbp_total_topic_count":0,"_bbp_total_reply_count":0,"_bbp_voice_count":0,"_bbp_anonymous_reply_count":0,"_bbp_topic_count_hidden":0,"_bbp_reply_count_hidden":0,"_bbp_forum_subforum_count":0,"footnotes":""},"categories":[29],"tags":[],"class_list":["post-840","post","type-post","status-publish","format-standard","hentry","category-portada"],"post_mailing_queue_ids":[],"_links":{"self":[{"href":"https:\/\/agora.xtec.cat\/iesguinovarda\/wp-json\/wp\/v2\/posts\/840","targetHints":{"allow":["GET"]}}],"collection":[{"href":"https:\/\/agora.xtec.cat\/iesguinovarda\/wp-json\/wp\/v2\/posts"}],"about":[{"href":"https:\/\/agora.xtec.cat\/iesguinovarda\/wp-json\/wp\/v2\/types\/post"}],"author":[{"embeddable":true,"href":"https:\/\/agora.xtec.cat\/iesguinovarda\/wp-json\/wp\/v2\/users\/3"}],"replies":[{"embeddable":true,"href":"https:\/\/agora.xtec.cat\/iesguinovarda\/wp-json\/wp\/v2\/comments?post=840"}],"version-history":[{"count":2,"href":"https:\/\/agora.xtec.cat\/iesguinovarda\/wp-json\/wp\/v2\/posts\/840\/revisions"}],"predecessor-version":[{"id":842,"href":"https:\/\/agora.xtec.cat\/iesguinovarda\/wp-json\/wp\/v2\/posts\/840\/revisions\/842"}],"wp:attachment":[{"href":"https:\/\/agora.xtec.cat\/iesguinovarda\/wp-json\/wp\/v2\/media?parent=840"}],"wp:term":[{"taxonomy":"category","embeddable":true,"href":"https:\/\/agora.xtec.cat\/iesguinovarda\/wp-json\/wp\/v2\/categories?post=840"},{"taxonomy":"post_tag","embeddable":true,"href":"https:\/\/agora.xtec.cat\/iesguinovarda\/wp-json\/wp\/v2\/tags?post=840"}],"curies":[{"name":"wp","href":"https:\/\/api.w.org\/{rel}","templated":true}]}}