{"id":798,"date":"2019-07-18T12:54:12","date_gmt":"2019-07-18T10:54:12","guid":{"rendered":"https:\/\/agora.xtec.cat\/iesguinovarda\/?p=798"},"modified":"2019-07-18T12:54:12","modified_gmt":"2019-07-18T10:54:12","slug":"examens-de-recuperacio-setembre-1r-de-batxillerat","status":"publish","type":"post","link":"https:\/\/agora.xtec.cat\/iesguinovarda\/portada\/examens-de-recuperacio-setembre-1r-de-batxillerat\/","title":{"rendered":"EX\u00c0MENS DE RECUPERACI\u00d3 SETEMBRE 1r DE BATXILLERAT"},"content":{"rendered":"<p><a href=\"https:\/\/drive.google.com\/open?id=1c07c1O45CRnQTKoeLOdomcSMo_U-ocwk6AvNWGCYMKM\" target=\"_blank\" rel=\"noopener noreferrer\">Calendari ex\u00e0mens <\/a><\/p>\n<p>L\u2019entrega dels butlletins de qualificacions de l\u2019Avaluaci\u00f3 final extraordin\u00e0ria de 1r de Batxillerat ser\u00e0 el divendres 6 de setembre a les 11:00 h.<\/p>\n","protected":false},"excerpt":{"rendered":"<p><a href=\"https:\/\/drive.google.com\/open?id=1c07c1O45CRnQTKoeLOdomcSMo_U-ocwk6AvNWGCYMKM\" target=\"_blank\" rel=\"noopener noreferrer\">Calendari ex\u00e0mens <\/a><br \/>\nL\u2019entrega dels butlletins de qualificacions de l\u2019Avaluaci\u00f3 final extraordin\u00e0ria de 1r de Batxillerat ser\u00e0 el divendres 6 de setembre a les 11:00 h.<\/p>\n","protected":false},"author":4,"featured_media":0,"comment_status":"open","ping_status":"closed","sticky":false,"template":"","format":"standard","meta":{"_bbp_topic_count":0,"_bbp_reply_count":0,"_bbp_total_topic_count":0,"_bbp_total_reply_count":0,"_bbp_voice_count":0,"_bbp_anonymous_reply_count":0,"_bbp_topic_count_hidden":0,"_bbp_reply_count_hidden":0,"_bbp_forum_subforum_count":0,"footnotes":""},"categories":[29],"tags":[],"class_list":["post-798","post","type-post","status-publish","format-standard","hentry","category-portada"],"post_mailing_queue_ids":[],"_links":{"self":[{"href":"https:\/\/agora.xtec.cat\/iesguinovarda\/wp-json\/wp\/v2\/posts\/798","targetHints":{"allow":["GET"]}}],"collection":[{"href":"https:\/\/agora.xtec.cat\/iesguinovarda\/wp-json\/wp\/v2\/posts"}],"about":[{"href":"https:\/\/agora.xtec.cat\/iesguinovarda\/wp-json\/wp\/v2\/types\/post"}],"author":[{"embeddable":true,"href":"https:\/\/agora.xtec.cat\/iesguinovarda\/wp-json\/wp\/v2\/users\/4"}],"replies":[{"embeddable":true,"href":"https:\/\/agora.xtec.cat\/iesguinovarda\/wp-json\/wp\/v2\/comments?post=798"}],"version-history":[{"count":1,"href":"https:\/\/agora.xtec.cat\/iesguinovarda\/wp-json\/wp\/v2\/posts\/798\/revisions"}],"predecessor-version":[{"id":799,"href":"https:\/\/agora.xtec.cat\/iesguinovarda\/wp-json\/wp\/v2\/posts\/798\/revisions\/799"}],"wp:attachment":[{"href":"https:\/\/agora.xtec.cat\/iesguinovarda\/wp-json\/wp\/v2\/media?parent=798"}],"wp:term":[{"taxonomy":"category","embeddable":true,"href":"https:\/\/agora.xtec.cat\/iesguinovarda\/wp-json\/wp\/v2\/categories?post=798"},{"taxonomy":"post_tag","embeddable":true,"href":"https:\/\/agora.xtec.cat\/iesguinovarda\/wp-json\/wp\/v2\/tags?post=798"}],"curies":[{"name":"wp","href":"https:\/\/api.w.org\/{rel}","templated":true}]}}