{"id":720,"date":"2019-06-21T20:03:29","date_gmt":"2019-06-21T18:03:29","guid":{"rendered":"https:\/\/agora.xtec.cat\/iesguinovarda\/?p=720"},"modified":"2019-06-21T20:03:29","modified_gmt":"2019-06-21T18:03:29","slug":"fira-futur-de-masquefa","status":"publish","type":"post","link":"https:\/\/agora.xtec.cat\/iesguinovarda\/portada\/fira-futur-de-masquefa\/","title":{"rendered":"Fira futur de Masquefa"},"content":{"rendered":"<p style=\"text-align: justify;\">El 14 de mar\u00e7 la F\u00e0brica Rogelio Rojo de Masquefa va ser l\u2019escenari de la 13a edici\u00f3 de Fira Futur. Un escenari que va oferir, com cada any, als joves els recursos necessaris per orientar millor el seu futur acad\u00e8mic i\/o professional.<br \/>\nAl llarg del dia, els alumnes de 4t d\u2019ESO de l\u2019INS Guinovarda van poder gaudir de tot el que oferia la Fira tant a la Sala Polivalent com al pati de La F\u00e0brica Rogelio Rojo.<br \/>\nVan visitar estands d\u2019oferta formativa, punts d\u2019orientaci\u00f3, espais d\u2019experi\u00e8ncies (xerrades) i formaci\u00f3 per a professionals. Tamb\u00e9 van con\u00e8ixer de m\u00e9s a prop les diferents opcions formatives i professionals de l\u2019Anoia Sud i en el seu \u00e0mbit d\u2019influ\u00e8ncia a trav\u00e9s de la participaci\u00f3 directa d\u2019instituts, com l\u2019INS Guinovarda, acad\u00e8mies, serveis d\u2019orientaci\u00f3, cossos de seguretat&#8230;<br \/>\nLa visita ha estat una experi\u00e8ncia enriquidora per a tot el jovent que hi va assistir i que es troba a punt de decidir quin ser\u00e0 el seu futur en el m\u00f3n estudiantil i\/o laboral.<\/p>\n<p><a data-flickr-embed=\"true\"  href=\"https:\/\/www.flickr.com\/photos\/insguinovarda\/albums\/72157679546225088\" title=\"Fira Futur 2019 (Masquefa)\"><img loading=\"lazy\" decoding=\"async\" src=\"https:\/\/live.staticflickr.com\/31337\/47466547331_d5f8a5c04f.jpg\" width=\"500\" height=\"275\" alt=\"Fira Futur 2019 (Masquefa)\"><\/a><script async src=\"\/\/embedr.flickr.com\/assets\/client-code.js\" charset=\"utf-8\"><\/script><\/p>\n","protected":false},"excerpt":{"rendered":"<p>El 14 de mar\u00e7 la F\u00e0brica Rogelio Rojo de Masquefa va ser l\u2019escenari de la 13a edici\u00f3 de Fira Futur. Un escenari que va oferir, com cada any, als joves els recursos necessaris per orientar millor el seu futur acad\u00e8mic i\/o professional.<br \/>\nAl llarg del dia,&hellip;  <a href=\"https:\/\/agora.xtec.cat\/iesguinovarda\/portada\/fira-futur-de-masquefa\/\" title=\"Read Fira futur de Masquefa\">Llegeix m\u00e9s\u00bb<\/a><\/p>\n","protected":false},"author":5,"featured_media":721,"comment_status":"closed","ping_status":"closed","sticky":false,"template":"","format":"standard","meta":{"_bbp_topic_count":0,"_bbp_reply_count":0,"_bbp_total_topic_count":0,"_bbp_total_reply_count":0,"_bbp_voice_count":0,"_bbp_anonymous_reply_count":0,"_bbp_topic_count_hidden":0,"_bbp_reply_count_hidden":0,"_bbp_forum_subforum_count":0,"footnotes":""},"categories":[29],"tags":[],"class_list":["post-720","post","type-post","status-publish","format-standard","has-post-thumbnail","hentry","category-portada"],"post_mailing_queue_ids":[],"_links":{"self":[{"href":"https:\/\/agora.xtec.cat\/iesguinovarda\/wp-json\/wp\/v2\/posts\/720","targetHints":{"allow":["GET"]}}],"collection":[{"href":"https:\/\/agora.xtec.cat\/iesguinovarda\/wp-json\/wp\/v2\/posts"}],"about":[{"href":"https:\/\/agora.xtec.cat\/iesguinovarda\/wp-json\/wp\/v2\/types\/post"}],"author":[{"embeddable":true,"href":"https:\/\/agora.xtec.cat\/iesguinovarda\/wp-json\/wp\/v2\/users\/5"}],"replies":[{"embeddable":true,"href":"https:\/\/agora.xtec.cat\/iesguinovarda\/wp-json\/wp\/v2\/comments?post=720"}],"version-history":[{"count":1,"href":"https:\/\/agora.xtec.cat\/iesguinovarda\/wp-json\/wp\/v2\/posts\/720\/revisions"}],"predecessor-version":[{"id":723,"href":"https:\/\/agora.xtec.cat\/iesguinovarda\/wp-json\/wp\/v2\/posts\/720\/revisions\/723"}],"wp:featuredmedia":[{"embeddable":true,"href":"https:\/\/agora.xtec.cat\/iesguinovarda\/wp-json\/wp\/v2\/media\/721"}],"wp:attachment":[{"href":"https:\/\/agora.xtec.cat\/iesguinovarda\/wp-json\/wp\/v2\/media?parent=720"}],"wp:term":[{"taxonomy":"category","embeddable":true,"href":"https:\/\/agora.xtec.cat\/iesguinovarda\/wp-json\/wp\/v2\/categories?post=720"},{"taxonomy":"post_tag","embeddable":true,"href":"https:\/\/agora.xtec.cat\/iesguinovarda\/wp-json\/wp\/v2\/tags?post=720"}],"curies":[{"name":"wp","href":"https:\/\/api.w.org\/{rel}","templated":true}]}}