{"id":6518,"date":"2026-09-03T12:57:00","date_gmt":"2026-09-03T10:57:00","guid":{"rendered":"https:\/\/agora.xtec.cat\/iesguinovarda\/?p=6518"},"modified":"2026-09-03T14:28:23","modified_gmt":"2026-09-03T12:28:23","slug":"places-vacants-torn-en-linia","status":"publish","type":"post","link":"https:\/\/agora.xtec.cat\/iesguinovarda\/portada\/places-vacants-torn-en-linia\/","title":{"rendered":"PLACES VACANTS CICLES &#8211; Torn en l\u00ednia"},"content":{"rendered":"<h2 class=\"wp-block-heading\"><strong><span style=\"color: #000000;\"> <img loading=\"lazy\" decoding=\"async\" class=\"alignnone wp-image-6547\" src=\"https:\/\/agora.xtec.cat\/iesguinovarda\/wp-content\/uploads\/usu579\/2026\/09\/MEGA.png\" alt=\"\" width=\"130\" height=\"130\" \/><\/span><\/strong><span style=\"color: #000000;\"><strong>Torn en l\u00ednia per a places vacants d\u2019FP<\/strong><\/span><\/h2>\n<p>El proper dia <strong>7 de setembre de 2026<\/strong>\u00a0es publicaran al web de <a href=\"https:\/\/preinscripcio.gencat.cat\/ca\/inici\/\"><strong><span style=\"color: #0000ff;\">preinscripci\u00f3<\/span> <\/strong><\/a>de la Generalitat les\u00a0<strong>places vacants d\u2019FP disponibles per centre.<\/strong><\/p>\n<p>Si est\u00e0s interessat\/ada en alguna de les places del nostre centre, podr\u00e0s inscriure\u2019t al\u00a0<strong>torn en l\u00ednia (cua virtual)<\/strong>\u00a0a partir del mateix dia, de 9 a 23.59 hores.<\/p>\n<h3><strong>\ud83d\udccc<\/strong><strong>\u00a0Com funciona?<\/strong><\/h3>\n<ol class=\"wp-block-list\">\n<li><strong>Consulta les places vacants<\/strong>\u00a0publicades al web de preinscripci\u00f3.<\/li>\n<li><strong>Inscriu-te al torn en l\u00ednia del centre<\/strong> mitjan\u00e7ant l\u2019enlla\u00e7 seg\u00fcent: <span style=\"color: #3366ff;\"><a style=\"font-family: inherit; font-size: 1em; color: #3366ff;\" href=\"https:\/\/aplicacions.gestioeducativa.gencat.cat\/ords\/pls\/apex\/f?p=20160079072543618:650:::NO:650:P650_CENTRE:950279C726C63CE204BBA9BDBB52BDE46F7D57FBECCA973A\"><strong><span style=\"color: #0000ff;\">ACC\u00c9S AL TORN EN L\u00cdNIA<\/span><\/strong><\/a><\/span><\/li>\n<li><strong>Del 8 al 10 de setembre<\/strong> el centre contactar\u00e0 amb les persones inscrites, <strong>per estricte ordre d\u2019inscripci\u00f3<\/strong>. Quan arribi el teu torn, podr\u00e0s optar a qualsevol de les vacants disponibles en aquell moment i dels cicles formatius per als quals compleixis els requisits d&#8217;acc\u00e9s. Per tant, la possibilitat d&#8217;obtenir pla\u00e7a dependr\u00e0 tant de la posici\u00f3 a la cua com de les vacants disponibles en cada cicle en el moment de l&#8217;atenci\u00f3.<\/li>\n<li>El dia<span style=\"color: #000000;\"> <strong>8 de setembre \u00e9s festiu <\/strong><\/span>a Piera, per tant es realitzar\u00e0 la gesti\u00f3 els <strong>dies 9 i de 10 de setembre.\u00a0 \u00a0 \u00a0 \u00a0 \u00a0<\/strong><\/li>\n<\/ol>\n<h3><strong>\u26a0<\/strong><strong>\ufe0f Important<\/strong><\/h3>\n<ul class=\"wp-block-list\">\n<li>La cua virtual \u00e9s\u00a0<strong>per al centre, no per a un cicle concret<\/strong>.\u00a0Et pots inscriure a la cua virtual de\u00a0<strong>diferents centres<\/strong>\u00a0que disposin de vacants.<\/li>\n<li>La posici\u00f3 a la cua\u00a0<strong>nom\u00e9s determina l\u2019ordre d\u2019atenci\u00f3<\/strong>\u00a0i\u00a0<strong>no garanteix una pla\u00e7a<\/strong>.<\/li>\n<li>L\u2019adjudicaci\u00f3 dependr\u00e0 de les\u00a0<strong>vacants disponibles en el moment de l\u2019atenci\u00f3<\/strong>\u00a0i de les opcions de l\u2019alumnat.<\/li>\n<\/ul>\n","protected":false},"excerpt":{"rendered":"<p> Torn en l\u00ednia per a places vacants d\u2019FP<br \/>\nEl proper dia 7 de setembre de 2026\u00a0es publicaran al web de <a href=\"https:\/\/preinscripcio.gencat.cat\/ca\/inici\/\">preinscripci\u00f3 <\/a>de la Generalitat les\u00a0places vacants d\u2019FP disponibles per centre.<br \/>\nSi est\u00e0s interessat\/ada en alguna de les places del nostre centre, podr\u00e0s inscriure\u2019t al\u00a0torn en&hellip;  <a href=\"https:\/\/agora.xtec.cat\/iesguinovarda\/portada\/places-vacants-torn-en-linia\/\" title=\"Read PLACES VACANTS CICLES &#8211; Torn en l\u00ednia\">Llegeix m\u00e9s\u00bb<\/a><\/p>\n","protected":false},"author":3,"featured_media":6547,"comment_status":"closed","ping_status":"closed","sticky":true,"template":"","format":"standard","meta":{"_bbp_topic_count":0,"_bbp_reply_count":0,"_bbp_total_topic_count":0,"_bbp_total_reply_count":0,"_bbp_voice_count":0,"_bbp_anonymous_reply_count":0,"_bbp_topic_count_hidden":0,"_bbp_reply_count_hidden":0,"_bbp_forum_subforum_count":0,"footnotes":""},"categories":[29],"tags":[],"class_list":["post-6518","post","type-post","status-publish","format-standard","has-post-thumbnail","hentry","category-portada"],"post_mailing_queue_ids":[],"_links":{"self":[{"href":"https:\/\/agora.xtec.cat\/iesguinovarda\/wp-json\/wp\/v2\/posts\/6518","targetHints":{"allow":["GET"]}}],"collection":[{"href":"https:\/\/agora.xtec.cat\/iesguinovarda\/wp-json\/wp\/v2\/posts"}],"about":[{"href":"https:\/\/agora.xtec.cat\/iesguinovarda\/wp-json\/wp\/v2\/types\/post"}],"author":[{"embeddable":true,"href":"https:\/\/agora.xtec.cat\/iesguinovarda\/wp-json\/wp\/v2\/users\/3"}],"replies":[{"embeddable":true,"href":"https:\/\/agora.xtec.cat\/iesguinovarda\/wp-json\/wp\/v2\/comments?post=6518"}],"version-history":[{"count":7,"href":"https:\/\/agora.xtec.cat\/iesguinovarda\/wp-json\/wp\/v2\/posts\/6518\/revisions"}],"predecessor-version":[{"id":6555,"href":"https:\/\/agora.xtec.cat\/iesguinovarda\/wp-json\/wp\/v2\/posts\/6518\/revisions\/6555"}],"wp:featuredmedia":[{"embeddable":true,"href":"https:\/\/agora.xtec.cat\/iesguinovarda\/wp-json\/wp\/v2\/media\/6547"}],"wp:attachment":[{"href":"https:\/\/agora.xtec.cat\/iesguinovarda\/wp-json\/wp\/v2\/media?parent=6518"}],"wp:term":[{"taxonomy":"category","embeddable":true,"href":"https:\/\/agora.xtec.cat\/iesguinovarda\/wp-json\/wp\/v2\/categories?post=6518"},{"taxonomy":"post_tag","embeddable":true,"href":"https:\/\/agora.xtec.cat\/iesguinovarda\/wp-json\/wp\/v2\/tags?post=6518"}],"curies":[{"name":"wp","href":"https:\/\/api.w.org\/{rel}","templated":true}]}}