{"id":6316,"date":"2026-04-08T12:02:05","date_gmt":"2026-04-08T10:02:05","guid":{"rendered":"https:\/\/agora.xtec.cat\/iesguinovarda\/?p=6316"},"modified":"2026-04-08T12:05:50","modified_gmt":"2026-04-08T10:05:50","slug":"beques-per-a-estudis-no-universitaris-2026-2027","status":"publish","type":"post","link":"https:\/\/agora.xtec.cat\/iesguinovarda\/portada\/beques-per-a-estudis-no-universitaris-2026-2027\/","title":{"rendered":"Beques per a estudis no universitaris 2026-2027"},"content":{"rendered":"<h2><img loading=\"lazy\" decoding=\"async\" class=\"alignnone size-full wp-image-6319\" src=\"https:\/\/agora.xtec.cat\/iesguinovarda\/wp-content\/uploads\/usu579\/2026\/04\/images-2.jpg\" alt=\"\" width=\"309\" height=\"163\" srcset=\"https:\/\/agora.xtec.cat\/iesguinovarda\/wp-content\/uploads\/usu579\/2026\/04\/images-2.jpg 309w, https:\/\/agora.xtec.cat\/iesguinovarda\/wp-content\/uploads\/usu579\/2026\/04\/images-2-300x158.jpg 300w\" sizes=\"auto, (max-width: 309px) 100vw, 309px\" \/><\/h2>\n<h2 id=\"h20\">Destinataris i estudis<\/h2>\n<p>S\u00f3n les beques per als estudiants d&#8217;estudis no universitaris, que convoca el Departament d&#8217;Educaci\u00f3 i Formaci\u00f3 Professional\u200b\u200b.<\/p>\n<ul>\n<li>\u200bBatxillerat<\/li>\n<li>Formaci\u00f3 professional de grau mitj\u00e0 i de grau superior<\/li>\n<li>Ensenyaments art\u00edstics professionals, esportius o art\u00edstics superiors<\/li>\n<li>Estudis religiosos superiors<\/li>\n<li>Estudis d&#8217;idiomes en escoles oficials (inclosa la modalitat de dist\u00e0ncia)<\/li>\n<li>Cursos d&#8217;acc\u00e9s i cursos de preparaci\u00f3 per a les proves d&#8217;acc\u00e9s a la formaci\u00f3 professional i cursos de formaci\u00f3 espec\u00edfics per a l&#8217;acc\u00e9s als cicles de grau mitj\u00e0 i de grau superior en centres p\u00fablics i en privats concertats sempre que tinguin autoritzats estudis de formaci\u00f3 professional<\/li>\n<li>Cicles formatius de grau b\u00e0sic\u200b<\/li>\n<\/ul>\n<p>&nbsp;<\/p>\n<p><strong>Els estudiants i les fam\u00edlies han de fer la sol\u00b7licitud mitjan\u00e7ant el web del Departament:\u00a0<\/strong><a title=\"Ves al tr\u00e0mit\" href=\"https:\/\/tramits.gencat.cat\/ca\/tramits\/tramits-temes\/beques-ministeri-postobligatoris?category=7449fd1c-a82c-11e3-a972-000c29052e2c\" target=\"_blank\" rel=\"noopener\"><strong>Beques \u200bp\u200ber a estudis no universitaris<\/strong><\/a>.<\/p>\n<h5><strong>Termini per sol\u00b7licitar la beca: del 7 d&#8217;abril al 18 de maig de 2026, ambd\u00f3s inclosos.<\/strong><\/h5>\n<p>Tota la informaci\u00f3 en aquest enlla\u00e7:\u00a0<a href=\"https:\/\/educacio.gencat.cat\/ca\/serveis-tramits\/beques\/beques-postobligatoris\/\" target=\"_blank\" rel=\"noopener\">https:\/\/educacio.gencat.cat\/ca\/serveis-tramits\/beques\/beques-postobligatoris\/<\/a><\/p>\n<p>&nbsp;<\/p>\n","protected":false},"excerpt":{"rendered":"<p>Destinataris i estudis<br \/>\nS\u00f3n les beques per als estudiants d&#8217;estudis no universitaris, que convoca el Departament d&#8217;Educaci\u00f3 i Formaci\u00f3 Professional\u200b\u200b.<\/p>\n<ul>\n<li>\u200bBatxillerat<\/li>\n<li>Formaci\u00f3 professional de grau mitj\u00e0 i de grau superior<\/li>\n<li>Ensenyaments art\u00edstics professionals, esportius o art\u00edstics superiors<\/li>\n<li>Estudis religiosos superiors<\/li>\n<li>Estudis d&#8217;idiomes en escoles oficials (inclosa la modalitat de dist\u00e0ncia)<\/li>\n<li>Cursos d&#8217;acc\u00e9s&hellip;  <a href=\"https:\/\/agora.xtec.cat\/iesguinovarda\/portada\/beques-per-a-estudis-no-universitaris-2026-2027\/\" title=\"Read Beques per a estudis no universitaris 2026-2027\">Llegeix m\u00e9s\u00bb<\/a><br \/>\n","protected":false},"author":3,"featured_media":6319,"comment_status":"closed","ping_status":"closed","sticky":true,"template":"","format":"standard","meta":{"_bbp_topic_count":0,"_bbp_reply_count":0,"_bbp_total_topic_count":0,"_bbp_total_reply_count":0,"_bbp_voice_count":0,"_bbp_anonymous_reply_count":0,"_bbp_topic_count_hidden":0,"_bbp_reply_count_hidden":0,"_bbp_forum_subforum_count":0,"footnotes":""},"categories":[29],"tags":[],"class_list":["post-6316","post","type-post","status-publish","format-standard","has-post-thumbnail","hentry","category-portada"],"post_mailing_queue_ids":[],"_links":{"self":[{"href":"https:\/\/agora.xtec.cat\/iesguinovarda\/wp-json\/wp\/v2\/posts\/6316","targetHints":{"allow":["GET"]}}],"collection":[{"href":"https:\/\/agora.xtec.cat\/iesguinovarda\/wp-json\/wp\/v2\/posts"}],"about":[{"href":"https:\/\/agora.xtec.cat\/iesguinovarda\/wp-json\/wp\/v2\/types\/post"}],"author":[{"embeddable":true,"href":"https:\/\/agora.xtec.cat\/iesguinovarda\/wp-json\/wp\/v2\/users\/3"}],"replies":[{"embeddable":true,"href":"https:\/\/agora.xtec.cat\/iesguinovarda\/wp-json\/wp\/v2\/comments?post=6316"}],"version-history":[{"count":3,"href":"https:\/\/agora.xtec.cat\/iesguinovarda\/wp-json\/wp\/v2\/posts\/6316\/revisions"}],"predecessor-version":[{"id":6320,"href":"https:\/\/agora.xtec.cat\/iesguinovarda\/wp-json\/wp\/v2\/posts\/6316\/revisions\/6320"}],"wp:featuredmedia":[{"embeddable":true,"href":"https:\/\/agora.xtec.cat\/iesguinovarda\/wp-json\/wp\/v2\/media\/6319"}],"wp:attachment":[{"href":"https:\/\/agora.xtec.cat\/iesguinovarda\/wp-json\/wp\/v2\/media?parent=6316"}],"wp:term":[{"taxonomy":"category","embeddable":true,"href":"https:\/\/agora.xtec.cat\/iesguinovarda\/wp-json\/wp\/v2\/categories?post=6316"},{"taxonomy":"post_tag","embeddable":true,"href":"https:\/\/agora.xtec.cat\/iesguinovarda\/wp-json\/wp\/v2\/tags?post=6316"}],"curies":[{"name":"wp","href":"https:\/\/api.w.org\/{rel}","templated":true}]}}