{"id":6137,"date":"2026-03-05T11:11:49","date_gmt":"2026-03-05T10:11:49","guid":{"rendered":"https:\/\/agora.xtec.cat\/iesguinovarda\/?p=6137"},"modified":"2026-03-24T12:21:46","modified_gmt":"2026-03-24T11:21:46","slug":"document-portes-obertes-eso","status":"publish","type":"post","link":"https:\/\/agora.xtec.cat\/iesguinovarda\/portada\/document-portes-obertes-eso\/","title":{"rendered":"Document portes obertes ESO"},"content":{"rendered":"<p><a href=\"https:\/\/drive.google.com\/file\/d\/17lWzFcmMj1GmtjOhdcSk1E_VikKXxg92\/view?usp=drive_link\" target=\"_blank\" rel=\"noopener\"><img loading=\"lazy\" decoding=\"async\" class=\"alignnone size-medium wp-image-6078\" src=\"https:\/\/agora.xtec.cat\/iesguinovarda\/wp-content\/uploads\/usu579\/2026\/02\/CartellPortesObertesGuino2026-ESO_page-0001-226x300.jpg\" alt=\"\" width=\"226\" height=\"300\" srcset=\"https:\/\/agora.xtec.cat\/iesguinovarda\/wp-content\/uploads\/usu579\/2026\/02\/CartellPortesObertesGuino2026-ESO_page-0001-226x300.jpg 226w, https:\/\/agora.xtec.cat\/iesguinovarda\/wp-content\/uploads\/usu579\/2026\/02\/CartellPortesObertesGuino2026-ESO_page-0001-771x1024.jpg 771w, https:\/\/agora.xtec.cat\/iesguinovarda\/wp-content\/uploads\/usu579\/2026\/02\/CartellPortesObertesGuino2026-ESO_page-0001-768x1019.jpg 768w, https:\/\/agora.xtec.cat\/iesguinovarda\/wp-content\/uploads\/usu579\/2026\/02\/CartellPortesObertesGuino2026-ESO_page-0001-1157x1536.jpg 1157w, https:\/\/agora.xtec.cat\/iesguinovarda\/wp-content\/uploads\/usu579\/2026\/02\/CartellPortesObertesGuino2026-ESO_page-0001-1543x2048.jpg 1543w, https:\/\/agora.xtec.cat\/iesguinovarda\/wp-content\/uploads\/usu579\/2026\/02\/CartellPortesObertesGuino2026-ESO_page-0001.jpg 1869w\" sizes=\"auto, (max-width: 226px) 100vw, 226px\" \/><\/a><\/p>\n<p>Entreu dins la not\u00edcia i cliqueu sobre la imatge per accedir a la informaci\u00f3 que es va oferir a les fam\u00edlies a les portes obertes de l&#8217;ESO.<\/p>\n","protected":false},"excerpt":{"rendered":"<p><a href=\"https:\/\/drive.google.com\/file\/d\/17lWzFcmMj1GmtjOhdcSk1E_VikKXxg92\/view?usp=drive_link\" target=\"_blank\" rel=\"noopener\"><\/a><br \/>\nEntreu dins la not\u00edcia i cliqueu sobre la imatge per accedir a la informaci\u00f3 que es va oferir a les fam\u00edlies a les portes obertes de l&#8217;ESO.<\/p>\n","protected":false},"author":3,"featured_media":6078,"comment_status":"closed","ping_status":"closed","sticky":false,"template":"","format":"standard","meta":{"_bbp_topic_count":0,"_bbp_reply_count":0,"_bbp_total_topic_count":0,"_bbp_total_reply_count":0,"_bbp_voice_count":0,"_bbp_anonymous_reply_count":0,"_bbp_topic_count_hidden":0,"_bbp_reply_count_hidden":0,"_bbp_forum_subforum_count":0,"footnotes":""},"categories":[29],"tags":[],"class_list":["post-6137","post","type-post","status-publish","format-standard","has-post-thumbnail","hentry","category-portada"],"post_mailing_queue_ids":[],"_links":{"self":[{"href":"https:\/\/agora.xtec.cat\/iesguinovarda\/wp-json\/wp\/v2\/posts\/6137","targetHints":{"allow":["GET"]}}],"collection":[{"href":"https:\/\/agora.xtec.cat\/iesguinovarda\/wp-json\/wp\/v2\/posts"}],"about":[{"href":"https:\/\/agora.xtec.cat\/iesguinovarda\/wp-json\/wp\/v2\/types\/post"}],"author":[{"embeddable":true,"href":"https:\/\/agora.xtec.cat\/iesguinovarda\/wp-json\/wp\/v2\/users\/3"}],"replies":[{"embeddable":true,"href":"https:\/\/agora.xtec.cat\/iesguinovarda\/wp-json\/wp\/v2\/comments?post=6137"}],"version-history":[{"count":4,"href":"https:\/\/agora.xtec.cat\/iesguinovarda\/wp-json\/wp\/v2\/posts\/6137\/revisions"}],"predecessor-version":[{"id":6141,"href":"https:\/\/agora.xtec.cat\/iesguinovarda\/wp-json\/wp\/v2\/posts\/6137\/revisions\/6141"}],"wp:featuredmedia":[{"embeddable":true,"href":"https:\/\/agora.xtec.cat\/iesguinovarda\/wp-json\/wp\/v2\/media\/6078"}],"wp:attachment":[{"href":"https:\/\/agora.xtec.cat\/iesguinovarda\/wp-json\/wp\/v2\/media?parent=6137"}],"wp:term":[{"taxonomy":"category","embeddable":true,"href":"https:\/\/agora.xtec.cat\/iesguinovarda\/wp-json\/wp\/v2\/categories?post=6137"},{"taxonomy":"post_tag","embeddable":true,"href":"https:\/\/agora.xtec.cat\/iesguinovarda\/wp-json\/wp\/v2\/tags?post=6137"}],"curies":[{"name":"wp","href":"https:\/\/api.w.org\/{rel}","templated":true}]}}