{"id":6130,"date":"2026-03-05T09:05:21","date_gmt":"2026-03-05T08:05:21","guid":{"rendered":"https:\/\/agora.xtec.cat\/iesguinovarda\/?p=6130"},"modified":"2026-03-12T08:59:09","modified_gmt":"2026-03-12T07:59:09","slug":"vaga-destudiants-6-de-marc-2","status":"publish","type":"post","link":"https:\/\/agora.xtec.cat\/iesguinovarda\/general\/vaga-destudiants-6-de-marc-2\/","title":{"rendered":"VAGA D&#8217;ESTUDIANTS 6 DE MAR\u00c7"},"content":{"rendered":"<p align=\"left\"><span style=\"color: #000000;\"><span style=\"font-family: Arial, sans-serif;\"><span style=\"font-size: small;\">Hi ha convocada una <\/span><\/span><\/span><strong style=\"font-family: inherit; font-size: 1em;\"><span style=\"color: #000000;\"><span style=\"font-family: Arial, sans-serif;\"><span style=\"font-size: small;\">vaga\u00a0d&#8217;estudiants<\/span><\/span><\/span><\/strong><span style=\"color: #000000;\"><span style=\"font-family: Arial, sans-serif;\"><span style=\"font-size: small;\">\u00a0<\/span><\/span><\/span><span style=\"color: #000000;\"><span style=\"font-family: Arial, sans-serif;\"><span style=\"font-size: small;\">per al\u00a0<\/span><\/span><\/span><strong style=\"font-family: inherit; font-size: 1em;\"><span style=\"color: #000000;\"><span style=\"font-family: Arial, sans-serif;\"><span style=\"font-size: small;\">di<\/span><\/span><\/span><\/strong><strong style=\"font-family: inherit; font-size: 1em;\"><span style=\"color: #000000;\"><span style=\"font-family: Arial, sans-serif;\"><span style=\"font-size: small;\">vendres<\/span><\/span><\/span><\/strong> <strong style=\"font-family: inherit; font-size: 1em;\"><span style=\"color: #000000;\"><span style=\"font-family: Arial, sans-serif;\"><span style=\"font-size: small;\">6 de mar\u00e7<\/span><\/span><\/span><\/strong><span style=\"color: #000000;\"><span style=\"font-family: Arial, sans-serif;\"><span style=\"font-size: small;\">.<\/span><\/span><\/span><span style=\"color: #000000;\"><span style=\"font-family: Arial, sans-serif;\"><span style=\"font-size: small;\">\u00a0<\/span><\/span><\/span><\/p>\n<p align=\"left\"><strong><span style=\"color: #000000;\"><span style=\"font-family: Arial, sans-serif;\"><span style=\"font-size: small;\"><b>L\u2019alumnat de 1r i 2n d\u2019ESO no t\u00e9 dret a fer\u00a0vaga\u00a0<\/b><\/span><\/span><\/span><\/strong><strong><span style=\"color: #000000;\"><span style=\"font-family: Arial, sans-serif;\"><span style=\"font-size: small;\">segons la normativa vigent.<\/span><\/span><\/span><\/strong><\/p>\n<p align=\"left\"><span style=\"color: #000000;\"><span style=\"font-family: Arial, sans-serif;\"><span style=\"font-size: small;\">Han demanat fer la vaga seguint el protocol establert pel centre i, per tant, poden fer-la:<\/span><\/span><\/span><\/p>\n<p style=\"padding-left: 40px;\" align=\"left\"><span style=\"color: #000000;\"><span style=\"font-family: Arial, sans-serif;\"><span style=\"font-size: small;\">3r ESO A, B, C i D<\/span><\/span><\/span><\/p>\n<p style=\"padding-left: 40px;\" align=\"left\"><span style=\"color: #000000;\"><span style=\"font-family: Arial, sans-serif;\"><span style=\"font-size: small;\">4t ESO A, B, C i D<\/span><\/span><\/span><\/p>\n<p style=\"padding-left: 40px;\" align=\"left\"><span style=\"color: #000000;\"><span style=\"font-family: Arial, sans-serif;\"><span style=\"font-size: small;\">1r Batxillerat A, B i C<\/span><\/span><\/span><\/p>\n<p style=\"padding-left: 40px;\" align=\"left\"><span style=\"color: #000000;\"><span style=\"font-family: Arial, sans-serif;\"><span style=\"font-size: small;\">2n de Batxillerat A i B<\/span><\/span><\/span><\/p>\n<p style=\"padding-left: 40px;\" align=\"left\"><span style=\"color: #000000;\"><span style=\"font-family: Arial, sans-serif;\"><span style=\"font-size: small;\">1r i 2n de TAPSD (Atenci\u00f3 a persones en situaci\u00f3 de depend\u00e8ncia)<\/span><\/span><\/span><\/p>\n<p style=\"padding-left: 40px;\" align=\"left\"><span style=\"color: #000000;\"><span style=\"font-family: Arial, sans-serif;\"><span style=\"font-size: small;\">1r i 2n d\u2019SMX (Sistemes microinform\u00e0tics i xarxes)<\/span><\/span><\/span><\/p>\n<p style=\"padding-left: 40px;\" align=\"left\"><span style=\"color: #000000;\"><span style=\"font-family: Arial, sans-serif;\"><span style=\"font-size: small;\">1r i 2n d\u2019ACL (Activitats comercials, log\u00edstica)<\/span><\/span><\/span><\/p>\n<p style=\"padding-left: 40px;\" align=\"left\"><span style=\"color: #000000;\"><span style=\"font-family: Arial, sans-serif;\"><span style=\"font-size: small;\">1r i 2n d\u2019SCOM (grau b\u00e0sic de Serveis comercials)<\/span><\/span><\/span><\/p>\n<p style=\"padding-left: 40px;\" align=\"left\"><span style=\"color: #000000;\"><span style=\"font-family: Arial, sans-serif;\"><span style=\"font-size: small;\">PFI Log\u00edstica i PFI Jardineria<\/span><\/span><\/span><\/p>\n<p align=\"left\"><span style=\"color: #000000;\"><span style=\"font-family: Arial, sans-serif;\"><span style=\"font-size: small;\">Recordem que el dret de fer vaga \u00e9s individual i que malgrat que el grup classe hagi decidit donar suport a la vaga,<\/span><\/span><\/span><strong><span style=\"color: #000000;\"><span style=\"font-family: Arial, sans-serif;\"><span style=\"font-size: small;\">\u00a0<\/span><\/span><\/span><\/strong><strong><span style=\"color: #000000;\"><span style=\"font-family: Arial, sans-serif;\"><span style=\"font-size: small;\">cada alumne i fam\u00edlia pot decidir si exerceix aquest dret i, per tant, si assisteix a classe o no,<\/span><\/span><\/span><\/strong><span style=\"color: #000000;\"><span style=\"font-family: Arial, sans-serif;\"><span style=\"font-size: small;\">\u00a0<\/span><\/span><\/span><span style=\"color: #000000;\"><span style=\"font-family: Arial, sans-serif;\"><span style=\"font-size: small;\">sempre que el seu grup tingui la vaga autoritzada.<\/span><\/span><\/span><\/p>\n<p align=\"left\"><span style=\"color: #000000;\"><span style=\"font-family: Arial, sans-serif;\"><span style=\"font-size: small;\">Els alumnes de 3r\u00a0i<\/span><\/span><\/span><span style=\"color: #000000;\"><span style=\"font-family: Arial, sans-serif;\"><span style=\"font-size: small;\">\u00a0<\/span><\/span><\/span><span style=\"color: #000000;\"><span style=\"font-family: Arial, sans-serif;\"><span style=\"font-size: small;\">4t d\u2019ESO i\u00a0d\u2019SCOM necessiten autoritzaci\u00f3 dels pares, mares o tutors legals per poder justificar aquesta falta com a vaga, per tant s\u2019haur\u00e0 de<strong> justificar\u00a0<\/strong><\/span><\/span><\/span><strong><span style=\"color: #000000;\"><span style=\"font-family: Arial, sans-serif;\"><span style=\"font-size: small;\">als tutors\/<\/span><\/span><\/span><\/strong><span style=\"color: #000000;\"><span style=\"font-family: Arial, sans-serif;\"><span style=\"font-size: small;\"><strong> a trav\u00e9s d\u2019ieduca<\/strong>. <\/span><\/span><\/span><span style=\"color: #000000;\"><span style=\"font-family: Arial, sans-serif;\"><span style=\"font-size: small;\">E<\/span><\/span><\/span><span style=\"color: #000000;\"><span style=\"font-family: Arial, sans-serif;\"><span style=\"font-size: small;\">n cas contrari constar\u00e0 com a falta no justificada.<\/span><\/span><\/span><\/p>\n<p align=\"left\"><strong><span style=\"color: #000000;\"><span style=\"font-family: Arial, sans-serif;\"><span style=\"font-size: small;\">Les classes pels alumnes que assisteixin al centre es duran a terme amb normalitat.<\/span><\/span><\/span><\/strong><span style=\"color: #000000;\"><span style=\"font-family: Arial, sans-serif;\"><span style=\"font-size: small;\">\u00a0<\/span><\/span><\/span><span style=\"color: #000000;\"><span style=\"font-family: Arial, sans-serif;\"><span style=\"font-size: small;\">El professorat pot decidir si avan\u00e7a o no mat\u00e8ria, per\u00f2 no es pot perjudicar de cap manera la nota dels alumnes que exerceixen el dret a vaga.<\/span><\/span><\/span><\/p>\n<p align=\"left\"><span style=\"color: #000000;\"><span style=\"font-family: Arial, sans-serif;\"><span style=\"font-size: small;\">El servei de transport funcionar\u00e0 amb normalitat.<\/span><\/span><\/span><\/p>\n","protected":false},"excerpt":{"rendered":"<p>Hi ha convocada una vaga\u00a0d&#8217;estudiants\u00a0per al\u00a0divendres 6 de mar\u00e7.\u00a0<br \/>\nL\u2019alumnat de 1r i 2n d\u2019ESO no t\u00e9 dret a fer\u00a0vaga\u00a0segons la normativa vigent.<br \/>\nHan demanat fer la vaga seguint el protocol establert pel centre i, per tant, poden fer-la:<br \/>\n3r ESO A, B, C i D<br \/>\n4t ESO A,&hellip;  <a href=\"https:\/\/agora.xtec.cat\/iesguinovarda\/general\/vaga-destudiants-6-de-marc-2\/\" title=\"Read VAGA D&#8217;ESTUDIANTS 6 DE MAR\u00c7\">Llegeix m\u00e9s\u00bb<\/a><\/p>\n","protected":false},"author":3,"featured_media":0,"comment_status":"closed","ping_status":"closed","sticky":false,"template":"","format":"standard","meta":{"_bbp_topic_count":0,"_bbp_reply_count":0,"_bbp_total_topic_count":0,"_bbp_total_reply_count":0,"_bbp_voice_count":0,"_bbp_anonymous_reply_count":0,"_bbp_topic_count_hidden":0,"_bbp_reply_count_hidden":0,"_bbp_forum_subforum_count":0,"footnotes":""},"categories":[1,29],"tags":[],"class_list":["post-6130","post","type-post","status-publish","format-standard","hentry","category-general","category-portada"],"post_mailing_queue_ids":[],"_links":{"self":[{"href":"https:\/\/agora.xtec.cat\/iesguinovarda\/wp-json\/wp\/v2\/posts\/6130","targetHints":{"allow":["GET"]}}],"collection":[{"href":"https:\/\/agora.xtec.cat\/iesguinovarda\/wp-json\/wp\/v2\/posts"}],"about":[{"href":"https:\/\/agora.xtec.cat\/iesguinovarda\/wp-json\/wp\/v2\/types\/post"}],"author":[{"embeddable":true,"href":"https:\/\/agora.xtec.cat\/iesguinovarda\/wp-json\/wp\/v2\/users\/3"}],"replies":[{"embeddable":true,"href":"https:\/\/agora.xtec.cat\/iesguinovarda\/wp-json\/wp\/v2\/comments?post=6130"}],"version-history":[{"count":4,"href":"https:\/\/agora.xtec.cat\/iesguinovarda\/wp-json\/wp\/v2\/posts\/6130\/revisions"}],"predecessor-version":[{"id":6134,"href":"https:\/\/agora.xtec.cat\/iesguinovarda\/wp-json\/wp\/v2\/posts\/6130\/revisions\/6134"}],"wp:attachment":[{"href":"https:\/\/agora.xtec.cat\/iesguinovarda\/wp-json\/wp\/v2\/media?parent=6130"}],"wp:term":[{"taxonomy":"category","embeddable":true,"href":"https:\/\/agora.xtec.cat\/iesguinovarda\/wp-json\/wp\/v2\/categories?post=6130"},{"taxonomy":"post_tag","embeddable":true,"href":"https:\/\/agora.xtec.cat\/iesguinovarda\/wp-json\/wp\/v2\/tags?post=6130"}],"curies":[{"name":"wp","href":"https:\/\/api.w.org\/{rel}","templated":true}]}}