{"id":6120,"date":"2026-03-04T09:08:55","date_gmt":"2026-03-04T08:08:55","guid":{"rendered":"https:\/\/agora.xtec.cat\/iesguinovarda\/?p=6120"},"modified":"2026-03-04T09:12:06","modified_gmt":"2026-03-04T08:12:06","slug":"preinscripcio-cicles-formatius-de-grau-mitja-pfi-i-cicles-de-grau-basic-curs-2026-2027","status":"publish","type":"post","link":"https:\/\/agora.xtec.cat\/iesguinovarda\/portada\/preinscripcio-cicles-formatius-de-grau-mitja-pfi-i-cicles-de-grau-basic-curs-2026-2027\/","title":{"rendered":"Preinscripci\u00f3 CICLES FORMATIUS DE GRAU MITJ\u00c0, PFI I CICLES DE GRAU B\u00c0SIC curs 2026-2027"},"content":{"rendered":"<p><img loading=\"lazy\" decoding=\"async\" class=\"alignnone size-medium wp-image-5320\" src=\"https:\/\/agora.xtec.cat\/iesguinovarda\/wp-content\/uploads\/usu579\/2025\/01\/8767132-300x300.jpg\" alt=\"\" width=\"300\" height=\"300\" srcset=\"https:\/\/agora.xtec.cat\/iesguinovarda\/wp-content\/uploads\/usu579\/2025\/01\/8767132-300x300.jpg 300w, https:\/\/agora.xtec.cat\/iesguinovarda\/wp-content\/uploads\/usu579\/2025\/01\/8767132-150x150.jpg 150w, https:\/\/agora.xtec.cat\/iesguinovarda\/wp-content\/uploads\/usu579\/2025\/01\/8767132-768x768.jpg 768w, https:\/\/agora.xtec.cat\/iesguinovarda\/wp-content\/uploads\/usu579\/2025\/01\/8767132.jpg 1000w\" sizes=\"auto, (max-width: 300px) 100vw, 300px\" \/><\/p>\n<p>El Departament d&#8217;Educaci\u00f3 i Formaci\u00f3 Professional ha publicat les dates de preinscripci\u00f3 per a Cicles formatius de grau mitj\u00e0, PFI (Programes de Formaci\u00f3 i Inserci\u00f3) i Cicles formatius de grau b\u00e0sic:<\/p>\n<table style=\"border-collapse: collapse; width: 76.3251%;\">\n<tbody>\n<tr>\n<td style=\"width: 49.8406%;\"><strong>Preinscripci\u00f3 Cicles formatius de grau mitj\u00e0<\/strong><\/td>\n<td style=\"width: 44.8509%;\"><strong>del 26 de maig a l&#8217;1 de juny de 2026<\/strong><\/td>\n<\/tr>\n<tr>\n<td style=\"width: 49.8406%;\"><strong>Preinscripci\u00f3 Cicles formatius de grau b\u00e0sic<\/strong><\/td>\n<td style=\"width: 44.8509%;\"><strong>del 4 al 13 de maig 2026<\/strong><\/td>\n<\/tr>\n<tr>\n<td style=\"width: 49.8406%;\"><strong>Preinscripci\u00f3 PFI (Programes de Formaci\u00f3 i Inserci\u00f3)<\/strong><\/td>\n<td style=\"width: 44.8509%;\"><strong>del 4 al 13 de maig de 2026<\/strong><\/td>\n<\/tr>\n<\/tbody>\n<\/table>\n<p><span style=\"color: #000000;\">Properament ampliarem la informaci\u00f3, un cop que es publiqui la Resoluci\u00f3 amb la normativa corresponent.<\/span><\/p>\n","protected":false},"excerpt":{"rendered":"<p>El Departament d&#8217;Educaci\u00f3 i Formaci\u00f3 Professional ha publicat les dates de preinscripci\u00f3 per a Cicles formatius de grau mitj\u00e0, PFI (Programes de Formaci\u00f3 i Inserci\u00f3) i Cicles formatius de grau b\u00e0sic:<\/p>\n<p>Preinscripci\u00f3 Cicles formatius de grau mitj\u00e0<br \/>\ndel 26 de maig a l&#8217;1 de juny de 2026<\/p>\n<p>Preinscripci\u00f3&hellip;  <a href=\"https:\/\/agora.xtec.cat\/iesguinovarda\/portada\/preinscripcio-cicles-formatius-de-grau-mitja-pfi-i-cicles-de-grau-basic-curs-2026-2027\/\" title=\"Read Preinscripci\u00f3 CICLES FORMATIUS DE GRAU MITJ\u00c0, PFI I CICLES DE GRAU B\u00c0SIC curs 2026-2027\">Llegeix m\u00e9s\u00bb<\/a><\/p>\n","protected":false},"author":3,"featured_media":5320,"comment_status":"closed","ping_status":"closed","sticky":true,"template":"","format":"standard","meta":{"_bbp_topic_count":0,"_bbp_reply_count":0,"_bbp_total_topic_count":0,"_bbp_total_reply_count":0,"_bbp_voice_count":0,"_bbp_anonymous_reply_count":0,"_bbp_topic_count_hidden":0,"_bbp_reply_count_hidden":0,"_bbp_forum_subforum_count":0,"footnotes":""},"categories":[29],"tags":[],"class_list":["post-6120","post","type-post","status-publish","format-standard","has-post-thumbnail","hentry","category-portada"],"post_mailing_queue_ids":[],"_links":{"self":[{"href":"https:\/\/agora.xtec.cat\/iesguinovarda\/wp-json\/wp\/v2\/posts\/6120","targetHints":{"allow":["GET"]}}],"collection":[{"href":"https:\/\/agora.xtec.cat\/iesguinovarda\/wp-json\/wp\/v2\/posts"}],"about":[{"href":"https:\/\/agora.xtec.cat\/iesguinovarda\/wp-json\/wp\/v2\/types\/post"}],"author":[{"embeddable":true,"href":"https:\/\/agora.xtec.cat\/iesguinovarda\/wp-json\/wp\/v2\/users\/3"}],"replies":[{"embeddable":true,"href":"https:\/\/agora.xtec.cat\/iesguinovarda\/wp-json\/wp\/v2\/comments?post=6120"}],"version-history":[{"count":6,"href":"https:\/\/agora.xtec.cat\/iesguinovarda\/wp-json\/wp\/v2\/posts\/6120\/revisions"}],"predecessor-version":[{"id":6128,"href":"https:\/\/agora.xtec.cat\/iesguinovarda\/wp-json\/wp\/v2\/posts\/6120\/revisions\/6128"}],"wp:featuredmedia":[{"embeddable":true,"href":"https:\/\/agora.xtec.cat\/iesguinovarda\/wp-json\/wp\/v2\/media\/5320"}],"wp:attachment":[{"href":"https:\/\/agora.xtec.cat\/iesguinovarda\/wp-json\/wp\/v2\/media?parent=6120"}],"wp:term":[{"taxonomy":"category","embeddable":true,"href":"https:\/\/agora.xtec.cat\/iesguinovarda\/wp-json\/wp\/v2\/categories?post=6120"},{"taxonomy":"post_tag","embeddable":true,"href":"https:\/\/agora.xtec.cat\/iesguinovarda\/wp-json\/wp\/v2\/tags?post=6120"}],"curies":[{"name":"wp","href":"https:\/\/api.w.org\/{rel}","templated":true}]}}