{"id":610,"date":"2019-06-17T11:24:37","date_gmt":"2019-06-17T09:24:37","guid":{"rendered":"https:\/\/agora.xtec.cat\/iesguinovarda\/?p=610"},"modified":"2019-06-17T11:25:01","modified_gmt":"2019-06-17T09:25:01","slug":"carnaval-literari-a-lins-guinovarda","status":"publish","type":"post","link":"https:\/\/agora.xtec.cat\/iesguinovarda\/eso\/carnaval-literari-a-lins-guinovarda\/","title":{"rendered":"Carnaval literari a l&#8217;INS Guinovarda"},"content":{"rendered":"<p style=\"text-align: justify;\">L\u20191 de mar\u00e7, l\u2019INS Guinovarda va celebrar la tradicional festa de Carnestoltes. Alumnes i professorat van fer un homenatge a obres i autors de la literatura universal.<\/p>\n<p style=\"text-align: justify;\">L\u2019escenari es va omplir de literatura i hi van desfilar Harry Potter, 101 D\u00e0lmates, mites grecs, v\u00edkings, monstres del terror, Peter Pan, Cr\u00f2niques de N\u00e0rnia, Pirates del Carib, Joc de trons, Gloria Fuertes, Shakespeare&#8230; i va finalitzar amb l\u2019espectacular actuaci\u00f3 dels professors que es van posar en la pell de Miguel de Cervantes.<\/p>\n<p><a data-flickr-embed=\"true\"  href=\"https:\/\/www.flickr.com\/photos\/insguinovarda\/albums\/72157704242620262\" title=\"Carnestoltes Guino19\"><img loading=\"lazy\" decoding=\"async\" src=\"https:\/\/live.staticflickr.com\/31337\/40499112153_34244ab6b3.jpg\" width=\"500\" height=\"275\" alt=\"Carnestoltes Guino19\"><\/a><script async src=\"\/\/embedr.flickr.com\/assets\/client-code.js\" charset=\"utf-8\"><\/script><\/p>\n","protected":false},"excerpt":{"rendered":"<p>L\u20191 de mar\u00e7, l\u2019INS Guinovarda va celebrar la tradicional festa de Carnestoltes. Alumnes i professorat van fer un homenatge a obres i autors de la literatura universal.<br \/>\nL\u2019escenari es va omplir de literatura i hi van desfilar Harry Potter, 101 D\u00e0lmates, mites grecs, v\u00edkings, monstres del&hellip;  <a href=\"https:\/\/agora.xtec.cat\/iesguinovarda\/eso\/carnaval-literari-a-lins-guinovarda\/\" title=\"Read Carnaval literari a l&#8217;INS Guinovarda\">Llegeix m\u00e9s\u00bb<\/a><\/p>\n","protected":false},"author":1,"featured_media":611,"comment_status":"closed","ping_status":"closed","sticky":false,"template":"","format":"standard","meta":{"_bbp_topic_count":0,"_bbp_reply_count":0,"_bbp_total_topic_count":0,"_bbp_total_reply_count":0,"_bbp_voice_count":0,"_bbp_anonymous_reply_count":0,"_bbp_topic_count_hidden":0,"_bbp_reply_count_hidden":0,"_bbp_forum_subforum_count":0,"footnotes":""},"categories":[8,30,3,29],"tags":[],"class_list":["post-610","post","type-post","status-publish","format-standard","has-post-thumbnail","hentry","category-batxillerat","category-cicles-formatius","category-eso","category-portada"],"post_mailing_queue_ids":[],"_links":{"self":[{"href":"https:\/\/agora.xtec.cat\/iesguinovarda\/wp-json\/wp\/v2\/posts\/610","targetHints":{"allow":["GET"]}}],"collection":[{"href":"https:\/\/agora.xtec.cat\/iesguinovarda\/wp-json\/wp\/v2\/posts"}],"about":[{"href":"https:\/\/agora.xtec.cat\/iesguinovarda\/wp-json\/wp\/v2\/types\/post"}],"author":[{"embeddable":true,"href":"https:\/\/agora.xtec.cat\/iesguinovarda\/wp-json\/wp\/v2\/users\/1"}],"replies":[{"embeddable":true,"href":"https:\/\/agora.xtec.cat\/iesguinovarda\/wp-json\/wp\/v2\/comments?post=610"}],"version-history":[{"count":1,"href":"https:\/\/agora.xtec.cat\/iesguinovarda\/wp-json\/wp\/v2\/posts\/610\/revisions"}],"predecessor-version":[{"id":612,"href":"https:\/\/agora.xtec.cat\/iesguinovarda\/wp-json\/wp\/v2\/posts\/610\/revisions\/612"}],"wp:featuredmedia":[{"embeddable":true,"href":"https:\/\/agora.xtec.cat\/iesguinovarda\/wp-json\/wp\/v2\/media\/611"}],"wp:attachment":[{"href":"https:\/\/agora.xtec.cat\/iesguinovarda\/wp-json\/wp\/v2\/media?parent=610"}],"wp:term":[{"taxonomy":"category","embeddable":true,"href":"https:\/\/agora.xtec.cat\/iesguinovarda\/wp-json\/wp\/v2\/categories?post=610"},{"taxonomy":"post_tag","embeddable":true,"href":"https:\/\/agora.xtec.cat\/iesguinovarda\/wp-json\/wp\/v2\/tags?post=610"}],"curies":[{"name":"wp","href":"https:\/\/api.w.org\/{rel}","templated":true}]}}