{"id":605,"date":"2019-06-17T11:11:25","date_gmt":"2019-06-17T09:11:25","guid":{"rendered":"https:\/\/agora.xtec.cat\/iesguinovarda\/?p=605"},"modified":"2019-06-17T11:14:18","modified_gmt":"2019-06-17T09:14:18","slug":"carnaval-a-la-residencia-lux","status":"publish","type":"post","link":"https:\/\/agora.xtec.cat\/iesguinovarda\/portada\/carnaval-a-la-residencia-lux\/","title":{"rendered":"Carnaval a la resid\u00e8ncia Lux"},"content":{"rendered":"<p style=\"text-align: justify;\">L\u20191 de mar\u00e7, els alumnes de 1r de TAPDS de l\u2019INS Guinovarda van celebrar el Carnaval a la Resid\u00e8ncia Lux. Compartiren el dia amb la gent gran, que van gaudir d\u2019aquesta festa amb totes les sorpreses que els tenien preparades. Els alumnes es van presentar a la resid\u00e8ncia disfressats d\u2019\u00e0ngels i dimonis.<\/p>\n<p style=\"text-align: justify;\">En una sala ben guarnida per a l\u2019ocasi\u00f3, realitzaren diverses manualitats: una corona, un punt de llibre i un m\u00f2bil amb un \u00e0ngel. Van cantar, ballar i van aprofitar per conversar amb els avis i les \u00e0vies de la resid\u00e8ncia. Alguns dels residents van visitar l\u2019institut i van gaudir de la festa de Carnestoltes, que se celebrava al pati.<\/p>\n<p><a data-flickr-embed=\"true\"  href=\"https:\/\/www.flickr.com\/photos\/insguinovarda\/albums\/72157707515870895\" title=\"Carnestoltes Resid\u00e8ncia Lux\"><img loading=\"lazy\" decoding=\"async\" src=\"https:\/\/live.staticflickr.com\/31337\/47396466532_45546117fc.jpg\" width=\"500\" height=\"275\" alt=\"Carnestoltes Resid\u00e8ncia Lux\"><\/a><script async src=\"\/\/embedr.flickr.com\/assets\/client-code.js\" charset=\"utf-8\"><\/script><\/p>\n","protected":false},"excerpt":{"rendered":"<p>L\u20191 de mar\u00e7, els alumnes de 1r de TAPDS de l\u2019INS Guinovarda van celebrar el Carnaval a la Resid\u00e8ncia Lux. Compartiren el dia amb la gent gran, que van gaudir d\u2019aquesta festa amb totes les sorpreses que els tenien preparades. Els alumnes es van presentar&hellip;  <a href=\"https:\/\/agora.xtec.cat\/iesguinovarda\/portada\/carnaval-a-la-residencia-lux\/\" title=\"Read Carnaval a la resid\u00e8ncia Lux\">Llegeix m\u00e9s\u00bb<\/a><\/p>\n","protected":false},"author":1,"featured_media":608,"comment_status":"closed","ping_status":"closed","sticky":false,"template":"","format":"standard","meta":{"_bbp_topic_count":0,"_bbp_reply_count":0,"_bbp_total_topic_count":0,"_bbp_total_reply_count":0,"_bbp_voice_count":0,"_bbp_anonymous_reply_count":0,"_bbp_topic_count_hidden":0,"_bbp_reply_count_hidden":0,"_bbp_forum_subforum_count":0,"footnotes":""},"categories":[30,29],"tags":[],"class_list":["post-605","post","type-post","status-publish","format-standard","has-post-thumbnail","hentry","category-cicles-formatius","category-portada"],"post_mailing_queue_ids":[],"_links":{"self":[{"href":"https:\/\/agora.xtec.cat\/iesguinovarda\/wp-json\/wp\/v2\/posts\/605","targetHints":{"allow":["GET"]}}],"collection":[{"href":"https:\/\/agora.xtec.cat\/iesguinovarda\/wp-json\/wp\/v2\/posts"}],"about":[{"href":"https:\/\/agora.xtec.cat\/iesguinovarda\/wp-json\/wp\/v2\/types\/post"}],"author":[{"embeddable":true,"href":"https:\/\/agora.xtec.cat\/iesguinovarda\/wp-json\/wp\/v2\/users\/1"}],"replies":[{"embeddable":true,"href":"https:\/\/agora.xtec.cat\/iesguinovarda\/wp-json\/wp\/v2\/comments?post=605"}],"version-history":[{"count":2,"href":"https:\/\/agora.xtec.cat\/iesguinovarda\/wp-json\/wp\/v2\/posts\/605\/revisions"}],"predecessor-version":[{"id":607,"href":"https:\/\/agora.xtec.cat\/iesguinovarda\/wp-json\/wp\/v2\/posts\/605\/revisions\/607"}],"wp:featuredmedia":[{"embeddable":true,"href":"https:\/\/agora.xtec.cat\/iesguinovarda\/wp-json\/wp\/v2\/media\/608"}],"wp:attachment":[{"href":"https:\/\/agora.xtec.cat\/iesguinovarda\/wp-json\/wp\/v2\/media?parent=605"}],"wp:term":[{"taxonomy":"category","embeddable":true,"href":"https:\/\/agora.xtec.cat\/iesguinovarda\/wp-json\/wp\/v2\/categories?post=605"},{"taxonomy":"post_tag","embeddable":true,"href":"https:\/\/agora.xtec.cat\/iesguinovarda\/wp-json\/wp\/v2\/tags?post=605"}],"curies":[{"name":"wp","href":"https:\/\/api.w.org\/{rel}","templated":true}]}}