{"id":6030,"date":"2025-10-27T09:43:04","date_gmt":"2025-10-27T08:43:04","guid":{"rendered":"https:\/\/agora.xtec.cat\/iesguinovarda\/?p=6030"},"modified":"2025-11-17T09:47:26","modified_gmt":"2025-11-17T08:47:26","slug":"vaga-destudiants-28-doctubre","status":"publish","type":"post","link":"https:\/\/agora.xtec.cat\/iesguinovarda\/portada\/vaga-destudiants-28-doctubre\/","title":{"rendered":"VAGA D&#8217;ESTUDIANTS 28 D&#8217;OCTUBRE"},"content":{"rendered":"<p><span style=\"font-family: inherit; font-size: 1em;\">Hi ha convocada una <\/span><strong style=\"font-family: inherit; font-size: 1em;\">vaga\u00a0d&#8217;estudiants<\/strong><span style=\"font-family: inherit; font-size: 1em;\">\u00a0per al\u00a0<\/span><strong style=\"font-family: inherit; font-size: 1em;\">dimarts 28<\/strong><strong style=\"font-family: inherit; font-size: 1em;\">\u00a0d&#8217;octubre<\/strong><span style=\"font-family: inherit; font-size: 1em;\">.<\/span><\/p>\n<p><strong>L\u2019alumnat de 1r i 2n d\u2019ESO no t\u00e9 dret a fer\u00a0vaga<\/strong><strong>\u00a0segons la normativa vigent.<\/strong><\/p>\n<p>Han demanat fer la vaga seguint el protocol establert pel centre i, per tant, poden fer-la:<\/p>\n<p style=\"padding-left: 40px;\">3r ESO A i C<\/p>\n<p style=\"padding-left: 40px;\">4t ESO A, B i D<\/p>\n<p style=\"padding-left: 40px;\">1r Batxillerat A, B i C<\/p>\n<p style=\"padding-left: 40px;\">2n de Batxillerat A i B<\/p>\n<p style=\"padding-left: 40px;\">1r i 2n de TAPSD (Atenci\u00f3 a persones en situaci\u00f3 de depend\u00e8ncia)<\/p>\n<p style=\"padding-left: 40px;\">1r i 2n d\u2019SMX (Sistemes microinform\u00e0tics i xarxes)<\/p>\n<p style=\"padding-left: 40px;\">1r d\u2019ACL (Activitats comercials, log\u00edstica)<\/p>\n<p style=\"padding-left: 40px;\">1r i 2n d\u2019SCOM (grau b\u00e0sic de Serveis comercials)<\/p>\n<p style=\"padding-left: 40px;\">PFI Log\u00edstica i PFI Jardineria<\/p>\n<p>Recordem que el dret de fer vaga \u00e9s individual i que malgrat que el grup classe hagi decidit donar suport a la vaga,<strong>\u00a0<\/strong><strong>cada alumne i fam\u00edlia pot decidir si exerceix aquest dret i, per tant, si assisteix a classe o no<\/strong><strong>,<\/strong>\u00a0sempre que el seu grup tingui la vaga autoritzada.<\/p>\n<p>Els alumnes de 3r\u00a0i\u00a04t d\u2019ESO i\u00a0d\u2019SCOM necessiten autoritzaci\u00f3 dels pares, mares o tutors legals per poder justificar aquesta falta com a vaga, per tant s\u2019haur\u00e0 de justificar\u00a0<strong>al<\/strong><strong>s t<\/strong><strong>utors\/es<\/strong>\u00a0preferiblement a trav\u00e9s d\u2019ieduca o via correu electr\u00f2nic, en cas contrari constar\u00e0 com a falta no justificada.<\/p>\n<p><strong>Les classes pels alumnes que assisteixin al centre es duran a terme amb normalitat<\/strong><strong>.<\/strong>\u00a0El professorat pot decidir si avan\u00e7a o no mat\u00e8ria, per\u00f2 no es pot perjudicar de cap manera la nota dels alumnes que exerceixen el dret a vaga.<\/p>\n<p>El servei de transport funcionar\u00e0 amb normalitat.<\/p>\n","protected":false},"excerpt":{"rendered":"<p>Hi ha convocada una vaga\u00a0d&#8217;estudiants\u00a0per al\u00a0dimarts 28\u00a0d&#8217;octubre.<br \/>\nL\u2019alumnat de 1r i 2n d\u2019ESO no t\u00e9 dret a fer\u00a0vaga\u00a0segons la normativa vigent.<br \/>\nHan demanat fer la vaga seguint el protocol establert pel centre i, per tant, poden fer-la:<br \/>\n3r ESO A i C<br \/>\n4t ESO A, B i D<br \/>\n1r Batxillerat&hellip;  <a href=\"https:\/\/agora.xtec.cat\/iesguinovarda\/portada\/vaga-destudiants-28-doctubre\/\" title=\"Read VAGA D&#8217;ESTUDIANTS 28 D&#8217;OCTUBRE\">Llegeix m\u00e9s\u00bb<\/a><\/p>\n","protected":false},"author":3,"featured_media":0,"comment_status":"open","ping_status":"open","sticky":false,"template":"","format":"standard","meta":{"_bbp_topic_count":0,"_bbp_reply_count":0,"_bbp_total_topic_count":0,"_bbp_total_reply_count":0,"_bbp_voice_count":0,"_bbp_anonymous_reply_count":0,"_bbp_topic_count_hidden":0,"_bbp_reply_count_hidden":0,"_bbp_forum_subforum_count":0,"footnotes":""},"categories":[29],"tags":[],"class_list":["post-6030","post","type-post","status-publish","format-standard","hentry","category-portada"],"post_mailing_queue_ids":[],"_links":{"self":[{"href":"https:\/\/agora.xtec.cat\/iesguinovarda\/wp-json\/wp\/v2\/posts\/6030","targetHints":{"allow":["GET"]}}],"collection":[{"href":"https:\/\/agora.xtec.cat\/iesguinovarda\/wp-json\/wp\/v2\/posts"}],"about":[{"href":"https:\/\/agora.xtec.cat\/iesguinovarda\/wp-json\/wp\/v2\/types\/post"}],"author":[{"embeddable":true,"href":"https:\/\/agora.xtec.cat\/iesguinovarda\/wp-json\/wp\/v2\/users\/3"}],"replies":[{"embeddable":true,"href":"https:\/\/agora.xtec.cat\/iesguinovarda\/wp-json\/wp\/v2\/comments?post=6030"}],"version-history":[{"count":2,"href":"https:\/\/agora.xtec.cat\/iesguinovarda\/wp-json\/wp\/v2\/posts\/6030\/revisions"}],"predecessor-version":[{"id":6032,"href":"https:\/\/agora.xtec.cat\/iesguinovarda\/wp-json\/wp\/v2\/posts\/6030\/revisions\/6032"}],"wp:attachment":[{"href":"https:\/\/agora.xtec.cat\/iesguinovarda\/wp-json\/wp\/v2\/media?parent=6030"}],"wp:term":[{"taxonomy":"category","embeddable":true,"href":"https:\/\/agora.xtec.cat\/iesguinovarda\/wp-json\/wp\/v2\/categories?post=6030"},{"taxonomy":"post_tag","embeddable":true,"href":"https:\/\/agora.xtec.cat\/iesguinovarda\/wp-json\/wp\/v2\/tags?post=6030"}],"curies":[{"name":"wp","href":"https:\/\/api.w.org\/{rel}","templated":true}]}}