{"id":600,"date":"2019-06-17T11:02:57","date_gmt":"2019-06-17T09:02:57","guid":{"rendered":"https:\/\/agora.xtec.cat\/iesguinovarda\/?p=600"},"modified":"2019-06-17T11:15:34","modified_gmt":"2019-06-17T09:15:34","slug":"carnaval-a-la-fundacio-auria","status":"publish","type":"post","link":"https:\/\/agora.xtec.cat\/iesguinovarda\/portada\/carnaval-a-la-fundacio-auria\/","title":{"rendered":"Carnaval a la Fundaci\u00f3 \u00c0uria"},"content":{"rendered":"<p>L\u20191 de mar\u00e7, els alumnes de 2n de cicle formatiu de TAPSD de l\u2019INS Guinovarda van visitar a Igualada l\u2019\u00c0uria Cooperativa, el taller ocupacional de la Fundaci\u00f3. Els alumnes havien preparat diferents din\u00e0miques i \u00c0uria, jocs per tal de passar un mat\u00ed d\u2019all\u00f2 m\u00e9s entretingut amb els nois i noies del taller. A m\u00e9s, els alumnes i professores van dur a terme les diferents activitats disfressats dels personatges de la novel\u00b7la Harry Potter. El taller de din\u00e0miques va ser tot un \u00e8xit, on van riure, ballar i divertir-se tots plegats.<br \/>\n<a title=\"Carnestoltes \u00c0uria\" href=\"https:\/\/www.flickr.com\/photos\/insguinovarda\/albums\/72157677346989677\" data-flickr-embed=\"true\"><img loading=\"lazy\" decoding=\"async\" src=\"https:\/\/live.staticflickr.com\/31337\/40483430003_0da54e2213.jpg\" alt=\"Carnestoltes \u00c0uria\" width=\"500\" height=\"283\" \/><\/a><script async src=\"\/\/embedr.flickr.com\/assets\/client-code.js\" charset=\"utf-8\"><\/script><\/p>\n","protected":false},"excerpt":{"rendered":"<p>L\u20191 de mar\u00e7, els alumnes de 2n de cicle formatiu de TAPSD de l\u2019INS Guinovarda van visitar a Igualada l\u2019\u00c0uria Cooperativa, el taller ocupacional de la Fundaci\u00f3. Els alumnes havien preparat diferents din\u00e0miques i \u00c0uria, jocs per tal de passar un mat\u00ed d\u2019all\u00f2 m\u00e9s entretingut&hellip;  <a href=\"https:\/\/agora.xtec.cat\/iesguinovarda\/portada\/carnaval-a-la-fundacio-auria\/\" title=\"Read Carnaval a la Fundaci\u00f3 \u00c0uria\">Llegeix m\u00e9s\u00bb<\/a><\/p>\n","protected":false},"author":1,"featured_media":603,"comment_status":"closed","ping_status":"closed","sticky":false,"template":"","format":"standard","meta":{"_bbp_topic_count":0,"_bbp_reply_count":0,"_bbp_total_topic_count":0,"_bbp_total_reply_count":0,"_bbp_voice_count":0,"_bbp_anonymous_reply_count":0,"_bbp_topic_count_hidden":0,"_bbp_reply_count_hidden":0,"_bbp_forum_subforum_count":0,"footnotes":""},"categories":[30,29],"tags":[],"class_list":["post-600","post","type-post","status-publish","format-standard","has-post-thumbnail","hentry","category-cicles-formatius","category-portada"],"post_mailing_queue_ids":[],"_links":{"self":[{"href":"https:\/\/agora.xtec.cat\/iesguinovarda\/wp-json\/wp\/v2\/posts\/600","targetHints":{"allow":["GET"]}}],"collection":[{"href":"https:\/\/agora.xtec.cat\/iesguinovarda\/wp-json\/wp\/v2\/posts"}],"about":[{"href":"https:\/\/agora.xtec.cat\/iesguinovarda\/wp-json\/wp\/v2\/types\/post"}],"author":[{"embeddable":true,"href":"https:\/\/agora.xtec.cat\/iesguinovarda\/wp-json\/wp\/v2\/users\/1"}],"replies":[{"embeddable":true,"href":"https:\/\/agora.xtec.cat\/iesguinovarda\/wp-json\/wp\/v2\/comments?post=600"}],"version-history":[{"count":3,"href":"https:\/\/agora.xtec.cat\/iesguinovarda\/wp-json\/wp\/v2\/posts\/600\/revisions"}],"predecessor-version":[{"id":609,"href":"https:\/\/agora.xtec.cat\/iesguinovarda\/wp-json\/wp\/v2\/posts\/600\/revisions\/609"}],"wp:featuredmedia":[{"embeddable":true,"href":"https:\/\/agora.xtec.cat\/iesguinovarda\/wp-json\/wp\/v2\/media\/603"}],"wp:attachment":[{"href":"https:\/\/agora.xtec.cat\/iesguinovarda\/wp-json\/wp\/v2\/media?parent=600"}],"wp:term":[{"taxonomy":"category","embeddable":true,"href":"https:\/\/agora.xtec.cat\/iesguinovarda\/wp-json\/wp\/v2\/categories?post=600"},{"taxonomy":"post_tag","embeddable":true,"href":"https:\/\/agora.xtec.cat\/iesguinovarda\/wp-json\/wp\/v2\/tags?post=600"}],"curies":[{"name":"wp","href":"https:\/\/api.w.org\/{rel}","templated":true}]}}