{"id":5997,"date":"2025-10-14T10:11:02","date_gmt":"2025-10-14T08:11:02","guid":{"rendered":"https:\/\/agora.xtec.cat\/iesguinovarda\/?p=5997"},"modified":"2025-10-20T11:44:08","modified_gmt":"2025-10-20T09:44:08","slug":"vaga-general-15-doctubre","status":"publish","type":"post","link":"https:\/\/agora.xtec.cat\/iesguinovarda\/portada\/vaga-general-15-doctubre\/","title":{"rendered":"VAGA GENERAL 15 D&#8217;OCTUBRE"},"content":{"rendered":"<p>Hi ha convocada una\u00a0<strong><b>vaga general<\/b><\/strong> per al dimecres 15<strong><b>\u00a0d\u2019octubre<\/b><\/strong>.<\/p>\n<p><strong><b>L\u2019alumnat de 1r i 2n d\u2019ESO no t\u00e9 dret a fer\u00a0vaga<\/b><\/strong><b>\u00a0segons la normativa vigent.<\/b><\/p>\n<p>Han demanat fer la vaga seguint el protocol establert pel centre i, per tant, poden fer-la:<\/p>\n<p>3r ESO A, B, C i D<\/p>\n<p>4t ESO A i B<\/p>\n<p>1r Batxillerat A, B i C<\/p>\n<p>2n de Batxillerat A i B<\/p>\n<p>1r i 2n de TAPSD (Atenci\u00f3 a persones en situaci\u00f3 de depend\u00e8ncia)<\/p>\n<p>1r i 2n d\u2019SMX (Sistemes microinform\u00e0tics i xarxes)<\/p>\n<p>1r i 2n d\u2019ACL (Activitats comercials, log\u00edstica)<\/p>\n<p>1r i 2n d\u2019SCOM (grau b\u00e0sic de Serveis comercials)<\/p>\n<p>PFI Log\u00edstica i PFI Jardineria<\/p>\n<p>&nbsp;<\/p>\n<p>Recordem que el dret de fer vaga \u00e9s individual i que malgrat que el grup classe hagi decidit donar suport a la vaga,<strong>\u00a0<\/strong><strong><b>cada alumne i fam\u00edlia pot decidir si exerceix aquest dret i, per tant, si assisteix a classe o no<\/b><\/strong><strong>,<\/strong>\u00a0sempre que el seu grup tingui la vaga autoritzada.<\/p>\n<p>Els alumnes de 3r\u00a0i\u00a04t d\u2019ESO i\u00a0d\u2019SCOM necessiten autoritzaci\u00f3 dels pares, mares o tutors legals per poder justificar aquesta falta com a vaga, per tant s\u2019haur\u00e0 de justificar\u00a0<strong>al<\/strong><strong>s t<\/strong><strong>utors\/es<\/strong>\u00a0preferiblement a trav\u00e9s d\u2019ieduca o via correu electr\u00f2nic, en cas contrari constar\u00e0 com a falta no justificada.<\/p>\n<p><strong><b>Les classes pels alumnes que assisteixin al centre es duran a terme amb normalitat<\/b><\/strong><strong>.<\/strong>\u00a0El professorat pot decidir si avan\u00e7a o no mat\u00e8ria, per\u00f2 no es pot perjudicar de cap manera la nota dels alumnes que exerceixen el dret a vaga.<\/p>\n<p>El servei de transport funcionar\u00e0 amb normalitat.<\/p>\n","protected":false},"excerpt":{"rendered":"<p>Hi ha convocada una\u00a0vaga general per al dimecres 15\u00a0d\u2019octubre.<br \/>\nL\u2019alumnat de 1r i 2n d\u2019ESO no t\u00e9 dret a fer\u00a0vaga\u00a0segons la normativa vigent.<br \/>\nHan demanat fer la vaga seguint el protocol establert pel centre i, per tant, poden fer-la:<br \/>\n3r ESO A, B, C i D<br \/>\n4t ESO A&hellip;  <a href=\"https:\/\/agora.xtec.cat\/iesguinovarda\/portada\/vaga-general-15-doctubre\/\" title=\"Read VAGA GENERAL 15 D&#8217;OCTUBRE\">Llegeix m\u00e9s\u00bb<\/a><\/p>\n","protected":false},"author":3,"featured_media":0,"comment_status":"open","ping_status":"open","sticky":false,"template":"","format":"standard","meta":{"_bbp_topic_count":0,"_bbp_reply_count":0,"_bbp_total_topic_count":0,"_bbp_total_reply_count":0,"_bbp_voice_count":0,"_bbp_anonymous_reply_count":0,"_bbp_topic_count_hidden":0,"_bbp_reply_count_hidden":0,"_bbp_forum_subforum_count":0,"footnotes":""},"categories":[29],"tags":[],"class_list":["post-5997","post","type-post","status-publish","format-standard","hentry","category-portada"],"post_mailing_queue_ids":[],"_links":{"self":[{"href":"https:\/\/agora.xtec.cat\/iesguinovarda\/wp-json\/wp\/v2\/posts\/5997","targetHints":{"allow":["GET"]}}],"collection":[{"href":"https:\/\/agora.xtec.cat\/iesguinovarda\/wp-json\/wp\/v2\/posts"}],"about":[{"href":"https:\/\/agora.xtec.cat\/iesguinovarda\/wp-json\/wp\/v2\/types\/post"}],"author":[{"embeddable":true,"href":"https:\/\/agora.xtec.cat\/iesguinovarda\/wp-json\/wp\/v2\/users\/3"}],"replies":[{"embeddable":true,"href":"https:\/\/agora.xtec.cat\/iesguinovarda\/wp-json\/wp\/v2\/comments?post=5997"}],"version-history":[{"count":2,"href":"https:\/\/agora.xtec.cat\/iesguinovarda\/wp-json\/wp\/v2\/posts\/5997\/revisions"}],"predecessor-version":[{"id":5999,"href":"https:\/\/agora.xtec.cat\/iesguinovarda\/wp-json\/wp\/v2\/posts\/5997\/revisions\/5999"}],"wp:attachment":[{"href":"https:\/\/agora.xtec.cat\/iesguinovarda\/wp-json\/wp\/v2\/media?parent=5997"}],"wp:term":[{"taxonomy":"category","embeddable":true,"href":"https:\/\/agora.xtec.cat\/iesguinovarda\/wp-json\/wp\/v2\/categories?post=5997"},{"taxonomy":"post_tag","embeddable":true,"href":"https:\/\/agora.xtec.cat\/iesguinovarda\/wp-json\/wp\/v2\/tags?post=5997"}],"curies":[{"name":"wp","href":"https:\/\/api.w.org\/{rel}","templated":true}]}}