{"id":5995,"date":"2025-10-02T12:44:22","date_gmt":"2025-10-02T10:44:22","guid":{"rendered":"https:\/\/agora.xtec.cat\/iesguinovarda\/?p=5995"},"modified":"2025-10-22T11:20:21","modified_gmt":"2025-10-22T09:20:21","slug":"ajuts-individuals-de-desplacament","status":"publish","type":"post","link":"https:\/\/agora.xtec.cat\/iesguinovarda\/portada\/ajuts-individuals-de-desplacament\/","title":{"rendered":"AJUTS INDIVIDUALS DE DESPLA\u00c7AMENT"},"content":{"rendered":"<p>El Consell Comarcal de l&#8217;Anoia ha publicat la convocat\u00f2ria dels Ajuts individuals de despla\u00e7ament.<\/p>\n<p><strong>CAL LLEGIR B\u00c9 LA CONVOCAT\u00d2RIA<\/strong>. Nom\u00e9s van adre\u00e7ats a l&#8217;alumnat que hagi d\u2019escolaritzar-se fora del seu municipi de resid\u00e8ncia i no disposi del servei de transport gratu\u00eft fins al centre escolar, o en el cas que el domicili estigui a una dist\u00e0ncia superior a 2 km de la parada de transport escolar.<\/p>\n<p>Podeu consultar les bases de la convocat\u00f2ria a l&#8217;enlla\u00e7 seg\u00fcent: <a href=\"https:\/\/www.anoia.cat\/departaments\/ensenyament\/ajuts-individuals-de-desplacament\/\" target=\"_blank\" rel=\"noopener\">https:\/\/www.anoia.cat\/departaments\/ensenyament\/ajuts-individuals-de-desplacament\/<\/a><\/p>\n","protected":false},"excerpt":{"rendered":"<p>El Consell Comarcal de l&#8217;Anoia ha publicat la convocat\u00f2ria dels Ajuts individuals de despla\u00e7ament.<br \/>\nCAL LLEGIR B\u00c9 LA CONVOCAT\u00d2RIA. Nom\u00e9s van adre\u00e7ats a l&#8217;alumnat que hagi d\u2019escolaritzar-se fora del seu municipi de resid\u00e8ncia i no disposi del servei de transport gratu\u00eft fins al centre escolar, o&hellip;  <a href=\"https:\/\/agora.xtec.cat\/iesguinovarda\/portada\/ajuts-individuals-de-desplacament\/\" title=\"Read AJUTS INDIVIDUALS DE DESPLA\u00c7AMENT\">Llegeix m\u00e9s\u00bb<\/a><\/p>\n","protected":false},"author":3,"featured_media":0,"comment_status":"closed","ping_status":"closed","sticky":false,"template":"","format":"standard","meta":{"_bbp_topic_count":0,"_bbp_reply_count":0,"_bbp_total_topic_count":0,"_bbp_total_reply_count":0,"_bbp_voice_count":0,"_bbp_anonymous_reply_count":0,"_bbp_topic_count_hidden":0,"_bbp_reply_count_hidden":0,"_bbp_forum_subforum_count":0,"footnotes":""},"categories":[29],"tags":[],"class_list":["post-5995","post","type-post","status-publish","format-standard","hentry","category-portada"],"post_mailing_queue_ids":[],"_links":{"self":[{"href":"https:\/\/agora.xtec.cat\/iesguinovarda\/wp-json\/wp\/v2\/posts\/5995","targetHints":{"allow":["GET"]}}],"collection":[{"href":"https:\/\/agora.xtec.cat\/iesguinovarda\/wp-json\/wp\/v2\/posts"}],"about":[{"href":"https:\/\/agora.xtec.cat\/iesguinovarda\/wp-json\/wp\/v2\/types\/post"}],"author":[{"embeddable":true,"href":"https:\/\/agora.xtec.cat\/iesguinovarda\/wp-json\/wp\/v2\/users\/3"}],"replies":[{"embeddable":true,"href":"https:\/\/agora.xtec.cat\/iesguinovarda\/wp-json\/wp\/v2\/comments?post=5995"}],"version-history":[{"count":1,"href":"https:\/\/agora.xtec.cat\/iesguinovarda\/wp-json\/wp\/v2\/posts\/5995\/revisions"}],"predecessor-version":[{"id":5996,"href":"https:\/\/agora.xtec.cat\/iesguinovarda\/wp-json\/wp\/v2\/posts\/5995\/revisions\/5996"}],"wp:attachment":[{"href":"https:\/\/agora.xtec.cat\/iesguinovarda\/wp-json\/wp\/v2\/media?parent=5995"}],"wp:term":[{"taxonomy":"category","embeddable":true,"href":"https:\/\/agora.xtec.cat\/iesguinovarda\/wp-json\/wp\/v2\/categories?post=5995"},{"taxonomy":"post_tag","embeddable":true,"href":"https:\/\/agora.xtec.cat\/iesguinovarda\/wp-json\/wp\/v2\/tags?post=5995"}],"curies":[{"name":"wp","href":"https:\/\/api.w.org\/{rel}","templated":true}]}}