{"id":5987,"date":"2025-10-01T11:38:49","date_gmt":"2025-10-01T09:38:49","guid":{"rendered":"https:\/\/agora.xtec.cat\/iesguinovarda\/?p=5987"},"modified":"2025-10-20T11:44:18","modified_gmt":"2025-10-20T09:44:18","slug":"vaga-destudiants-2-doctubre","status":"publish","type":"post","link":"https:\/\/agora.xtec.cat\/iesguinovarda\/portada\/vaga-destudiants-2-doctubre\/","title":{"rendered":"VAGA D&#8217;ESTUDIANTS 2 D&#8217;OCTUBRE"},"content":{"rendered":"<p><span style=\"font-size: small;\">Hi ha convocada una <\/span><strong><span style=\"font-size: small;\"><b>vaga\u00a0d&#8217;estudiants<\/b><\/span><\/strong><span style=\"font-size: small;\">\u00a0per al dijous\u00a0<\/span><strong><span style=\"font-size: small;\"><b>2 d&#8217;octubre<\/b><\/span><\/strong><span style=\"font-size: small;\">.<\/span><\/p>\n<p><strong><span style=\"font-size: small;\"><b>L\u2019alumnat de 1r i 2n d\u2019ESO no t\u00e9 dret a fer\u00a0vaga<\/b><\/span><\/strong><span style=\"font-size: small;\"><b>\u00a0segons la normativa vigent.<\/b><\/span><\/p>\n<p><span style=\"font-size: small;\">Han demanat fer la vaga seguint el protocol establert pel centre i, per tant, poden fer-la:<\/span><\/p>\n<p style=\"padding-left: 40px;\"><span style=\"font-size: small;\">3r ESO A, B, C i D<\/span><\/p>\n<p style=\"padding-left: 40px;\"><span style=\"font-size: small;\">4t ESO A, B, C i D<\/span><\/p>\n<p style=\"padding-left: 40px;\"><span style=\"font-size: small;\">1r Batxillerat A, B i C<\/span><\/p>\n<p style=\"padding-left: 40px;\"><span style=\"font-size: small;\">2n de Batxillerat A i B<\/span><\/p>\n<p style=\"padding-left: 40px;\"><span style=\"font-size: small;\">1r de TAPSD (Atenci\u00f3 a persones en situaci\u00f3 de depend\u00e8ncia)<\/span><\/p>\n<p style=\"padding-left: 40px;\"><span style=\"font-size: small;\">1r d\u2019SMX (Sistemes microinform\u00e0tics i xarxes)<\/span><\/p>\n<p style=\"padding-left: 40px;\"><span style=\"font-size: small;\">1r i 2n d\u2019ACL (Activitats comercials, log\u00edstica)<\/span><\/p>\n<p style=\"padding-left: 40px;\"><span style=\"font-size: small;\">1r i 2n d\u2019SCOM (grau b\u00e0sic de Serveis comercials)<\/span><\/p>\n<p style=\"padding-left: 40px;\"><span style=\"font-size: small;\">PFI Log\u00edstica i PFI Jardineria<\/span><\/p>\n<p><span style=\"font-size: small;\">Recordem que el dret de fer vaga \u00e9s individual i que malgrat que el grup classe hagi decidit donar suport a la vaga,<\/span><strong><span style=\"font-size: small;\">\u00a0<\/span><\/strong><strong><span style=\"font-size: small;\"><b>cada alumne i fam\u00edlia pot decidir si exerceix aquest dret i, per tant, si assisteix a classe o no<\/b><\/span><\/strong><strong><span style=\"font-size: small;\">,<\/span><\/strong><span style=\"font-size: small;\">\u00a0sempre que el seu grup tingui la vaga autoritzada.<\/span><\/p>\n<p><span style=\"font-size: small;\">Els alumnes de 3r <\/span><span style=\"font-size: small;\">i<\/span><span style=\"font-size: small;\"> 4t d\u2019ESO i <\/span><span style=\"font-size: small;\">d\u2019<\/span><span style=\"font-size: small;\">SCOM necessiten autoritzaci\u00f3 dels pares, mares o tutors legals per poder justificar aquesta falta com a vaga, per tant s\u2019haur\u00e0 de justificar\u00a0<\/span><strong><span style=\"font-size: small;\">al<\/span><\/strong><strong><span style=\"font-size: small;\">s t<\/span><\/strong><strong><span style=\"font-size: small;\">utors\/es<\/span><\/strong><span style=\"font-size: small;\">\u00a0preferiblement a trav\u00e9s d\u2019ieduca o via correu electr\u00f2nic, en cas contrari constar\u00e0 com a falta no justificada.<\/span><\/p>\n<p><strong><span style=\"font-size: small;\"><b>Les classes pels alumnes que assisteixin al centre es duran a terme amb normalitat<\/b><\/span><\/strong><strong><span style=\"font-size: small;\">.<\/span><\/strong><span style=\"font-size: small;\">\u00a0El professorat pot decidir si avan\u00e7a o no mat\u00e8ria, per\u00f2 no es pot perjudicar de cap manera la nota dels alumnes que exerceixen el dret a vaga.<\/span><\/p>\n<p><span style=\"font-size: small;\">El servei de transport funcionar\u00e0 amb normalitat.<\/span><\/p>\n","protected":false},"excerpt":{"rendered":"<p>Hi ha convocada una vaga\u00a0d&#8217;estudiants\u00a0per al dijous\u00a02 d&#8217;octubre.<br \/>\nL\u2019alumnat de 1r i 2n d\u2019ESO no t\u00e9 dret a fer\u00a0vaga\u00a0segons la normativa vigent.<br \/>\nHan demanat fer la vaga seguint el protocol establert pel centre i, per tant, poden fer-la:<br \/>\n3r ESO A, B, C i D<br \/>\n4t ESO A, B,&hellip;  <a href=\"https:\/\/agora.xtec.cat\/iesguinovarda\/portada\/vaga-destudiants-2-doctubre\/\" title=\"Read VAGA D&#8217;ESTUDIANTS 2 D&#8217;OCTUBRE\">Llegeix m\u00e9s\u00bb<\/a><\/p>\n","protected":false},"author":3,"featured_media":0,"comment_status":"closed","ping_status":"closed","sticky":false,"template":"","format":"standard","meta":{"_bbp_topic_count":0,"_bbp_reply_count":0,"_bbp_total_topic_count":0,"_bbp_total_reply_count":0,"_bbp_voice_count":0,"_bbp_anonymous_reply_count":0,"_bbp_topic_count_hidden":0,"_bbp_reply_count_hidden":0,"_bbp_forum_subforum_count":0,"footnotes":""},"categories":[29],"tags":[],"class_list":["post-5987","post","type-post","status-publish","format-standard","hentry","category-portada"],"post_mailing_queue_ids":[],"_links":{"self":[{"href":"https:\/\/agora.xtec.cat\/iesguinovarda\/wp-json\/wp\/v2\/posts\/5987","targetHints":{"allow":["GET"]}}],"collection":[{"href":"https:\/\/agora.xtec.cat\/iesguinovarda\/wp-json\/wp\/v2\/posts"}],"about":[{"href":"https:\/\/agora.xtec.cat\/iesguinovarda\/wp-json\/wp\/v2\/types\/post"}],"author":[{"embeddable":true,"href":"https:\/\/agora.xtec.cat\/iesguinovarda\/wp-json\/wp\/v2\/users\/3"}],"replies":[{"embeddable":true,"href":"https:\/\/agora.xtec.cat\/iesguinovarda\/wp-json\/wp\/v2\/comments?post=5987"}],"version-history":[{"count":1,"href":"https:\/\/agora.xtec.cat\/iesguinovarda\/wp-json\/wp\/v2\/posts\/5987\/revisions"}],"predecessor-version":[{"id":5989,"href":"https:\/\/agora.xtec.cat\/iesguinovarda\/wp-json\/wp\/v2\/posts\/5987\/revisions\/5989"}],"wp:attachment":[{"href":"https:\/\/agora.xtec.cat\/iesguinovarda\/wp-json\/wp\/v2\/media?parent=5987"}],"wp:term":[{"taxonomy":"category","embeddable":true,"href":"https:\/\/agora.xtec.cat\/iesguinovarda\/wp-json\/wp\/v2\/categories?post=5987"},{"taxonomy":"post_tag","embeddable":true,"href":"https:\/\/agora.xtec.cat\/iesguinovarda\/wp-json\/wp\/v2\/tags?post=5987"}],"curies":[{"name":"wp","href":"https:\/\/api.w.org\/{rel}","templated":true}]}}