{"id":5973,"date":"2025-09-03T08:45:04","date_gmt":"2025-09-03T06:45:04","guid":{"rendered":"https:\/\/agora.xtec.cat\/iesguinovarda\/?p=5973"},"modified":"2025-09-12T12:14:53","modified_gmt":"2025-09-12T10:14:53","slug":"molt-important-canvi-horari-9-de-setembre","status":"publish","type":"post","link":"https:\/\/agora.xtec.cat\/iesguinovarda\/portada\/molt-important-canvi-horari-9-de-setembre\/","title":{"rendered":"MOLT IMPORTANT: CANVI HORARI 9 DE SETEMBRE"},"content":{"rendered":"<p><img loading=\"lazy\" decoding=\"async\" class=\"alignnone size-medium wp-image-5974\" src=\"https:\/\/agora.xtec.cat\/iesguinovarda\/wp-content\/uploads\/usu579\/2025\/09\/warning-145066_1280-300x290.png\" alt=\"\" width=\"300\" height=\"290\" srcset=\"https:\/\/agora.xtec.cat\/iesguinovarda\/wp-content\/uploads\/usu579\/2025\/09\/warning-145066_1280-300x290.png 300w, https:\/\/agora.xtec.cat\/iesguinovarda\/wp-content\/uploads\/usu579\/2025\/09\/warning-145066_1280-1024x991.png 1024w, https:\/\/agora.xtec.cat\/iesguinovarda\/wp-content\/uploads\/usu579\/2025\/09\/warning-145066_1280-768x743.png 768w, https:\/\/agora.xtec.cat\/iesguinovarda\/wp-content\/uploads\/usu579\/2025\/09\/warning-145066_1280.png 1280w\" sizes=\"auto, (max-width: 300px) 100vw, 300px\" \/><\/p>\n<p>Us informem que <strong>PER CAUSES ALIENES A L&#8217;INSTITUT<\/strong>, s&#8217;ha modificat l&#8217;horari del 9 de setembre de l&#8217;ESO i del cicle formatiu de grau b\u00e0sic de Serveis comercials.<\/p>\n<p><span style=\"color: #ff0000;\">ES FAR\u00c0 L&#8217;HORARI HABITUAL: DE 8 A 14.35 h<\/span><\/p>\n<p>At\u00e8s la poca antelaci\u00f3 amb qu\u00e8 ho hem sabut, <strong>DEMANEM SI US PLAU A LES FAM\u00cdLIES QUE FEU EXTENSIVA AQUESTA INFORMACI\u00d3 EN LA MESURA QUE US SIGUI POSSIBLE.<\/strong><\/p>\n<p>Gr\u00e0cies i disculpeu les mol\u00e8sties.<\/p>\n","protected":false},"excerpt":{"rendered":"<p>Us informem que PER CAUSES ALIENES A L&#8217;INSTITUT, s&#8217;ha modificat l&#8217;horari del 9 de setembre de l&#8217;ESO i del cicle formatiu de grau b\u00e0sic de Serveis comercials.<br \/>\nES FAR\u00c0 L&#8217;HORARI HABITUAL: DE 8 A 14.35 h<br \/>\nAt\u00e8s la poca antelaci\u00f3 amb qu\u00e8 ho hem sabut, DEMANEM SI&hellip;  <a href=\"https:\/\/agora.xtec.cat\/iesguinovarda\/portada\/molt-important-canvi-horari-9-de-setembre\/\" title=\"Read MOLT IMPORTANT: CANVI HORARI 9 DE SETEMBRE\">Llegeix m\u00e9s\u00bb<\/a><\/p>\n","protected":false},"author":3,"featured_media":5974,"comment_status":"closed","ping_status":"closed","sticky":false,"template":"","format":"standard","meta":{"_bbp_topic_count":0,"_bbp_reply_count":0,"_bbp_total_topic_count":0,"_bbp_total_reply_count":0,"_bbp_voice_count":0,"_bbp_anonymous_reply_count":0,"_bbp_topic_count_hidden":0,"_bbp_reply_count_hidden":0,"_bbp_forum_subforum_count":0,"footnotes":""},"categories":[29],"tags":[],"class_list":["post-5973","post","type-post","status-publish","format-standard","has-post-thumbnail","hentry","category-portada"],"post_mailing_queue_ids":[],"_links":{"self":[{"href":"https:\/\/agora.xtec.cat\/iesguinovarda\/wp-json\/wp\/v2\/posts\/5973","targetHints":{"allow":["GET"]}}],"collection":[{"href":"https:\/\/agora.xtec.cat\/iesguinovarda\/wp-json\/wp\/v2\/posts"}],"about":[{"href":"https:\/\/agora.xtec.cat\/iesguinovarda\/wp-json\/wp\/v2\/types\/post"}],"author":[{"embeddable":true,"href":"https:\/\/agora.xtec.cat\/iesguinovarda\/wp-json\/wp\/v2\/users\/3"}],"replies":[{"embeddable":true,"href":"https:\/\/agora.xtec.cat\/iesguinovarda\/wp-json\/wp\/v2\/comments?post=5973"}],"version-history":[{"count":1,"href":"https:\/\/agora.xtec.cat\/iesguinovarda\/wp-json\/wp\/v2\/posts\/5973\/revisions"}],"predecessor-version":[{"id":5975,"href":"https:\/\/agora.xtec.cat\/iesguinovarda\/wp-json\/wp\/v2\/posts\/5973\/revisions\/5975"}],"wp:featuredmedia":[{"embeddable":true,"href":"https:\/\/agora.xtec.cat\/iesguinovarda\/wp-json\/wp\/v2\/media\/5974"}],"wp:attachment":[{"href":"https:\/\/agora.xtec.cat\/iesguinovarda\/wp-json\/wp\/v2\/media?parent=5973"}],"wp:term":[{"taxonomy":"category","embeddable":true,"href":"https:\/\/agora.xtec.cat\/iesguinovarda\/wp-json\/wp\/v2\/categories?post=5973"},{"taxonomy":"post_tag","embeddable":true,"href":"https:\/\/agora.xtec.cat\/iesguinovarda\/wp-json\/wp\/v2\/tags?post=5973"}],"curies":[{"name":"wp","href":"https:\/\/api.w.org\/{rel}","templated":true}]}}