{"id":5913,"date":"2025-06-29T19:24:33","date_gmt":"2025-06-29T17:24:33","guid":{"rendered":"https:\/\/agora.xtec.cat\/iesguinovarda\/?p=5913"},"modified":"2025-06-29T19:24:33","modified_gmt":"2025-06-29T17:24:33","slug":"roma-un-viatge-de-pel%c2%b7licula","status":"publish","type":"post","link":"https:\/\/agora.xtec.cat\/iesguinovarda\/portada\/roma-un-viatge-de-pel%c2%b7licula\/","title":{"rendered":"ROMA, UN VIATGE DE PEL\u00b7L\u00cdCULA"},"content":{"rendered":"<p>L\u2019alumnat de segon de Batxillerat, TAPSD i SMX va tancar el curs amb el viatge a Roma. Van aterrar a l\u2019aeroport de Fiumicino i a la tarda van poder visitar la Piazza Spagna i la Fontana de Trevi.<br \/>\nL\u2019endem\u00e0 va ser un dia complet amb les visites a la Bas\u00edlica de Santa Maria la Maggiore, l\u2019Esgl\u00e9sia de San Pietro in V\u00edncoli, el Coliseu, el F\u00f2rum Rom\u00e0, l\u2019Arc de Constant\u00ed, L\u2019Altare della Patria&#8230;<br \/>\nAl dia seg\u00fcent, van passejar fins arribar al mirador de Pincio i despr\u00e9s van baixar a la Piazza del Popolo on van poder visitar esgl\u00e9sies i contemplar diversos monuments. Despr\u00e9s els esperava l\u2019Ara Pacis i el Pante\u00f3. A la tarda, van arribar fins al barri de Trastevere.<br \/>\nEl mat\u00ed del darrer dia, va transcorre a la Citt\u00e0 del Vaticano amb la Piazza de san Pietro i la visita a la Bas\u00edlica. L\u2019alumnat m\u00e9s agosarat es va atrevir a pujar a peu els 551 esglaons de la c\u00fapula.<br \/>\nA la tarda van anar cap al port de Civitavecchia per embarcar al ferri que els va dur de tornada a Barcelona, on un autocar els esperava per retornar-los al seu lloc d\u2019origen: l\u2019institut Guinovarda.<br \/>\nDurant aquests dies no nom\u00e9s van gaudir dels llocs m\u00e9s emblem\u00e0tics de Roma, tamb\u00e9 van aprofitar l\u2019ocasi\u00f3 per assaborir la gastronomia italiana: pastes, pizzes, tiramis\u00fas, gelats&#8230; i els secrets de la notte romana.<\/p>\n<p><a data-flickr-embed=\"true\" href=\"https:\/\/www.flickr.com\/photos\/insguinovarda\/albums\/72177720327217483\" title=\"ROMA 25 (2BATX, TAPSD, SMX)\"><img loading=\"lazy\" decoding=\"async\" src=\"https:\/\/live.staticflickr.com\/65535\/54621880915_2aa7598c3a_z.jpg\" width=\"640\" height=\"480\" alt=\"ROMA 25 (2BATX, TAPSD, SMX)\"\/><\/a><script async src=\"\/\/embedr.flickr.com\/assets\/client-code.js\" charset=\"utf-8\"><\/script><\/p>\n","protected":false},"excerpt":{"rendered":"<p>L\u2019alumnat de segon de Batxillerat, TAPSD i SMX va tancar el curs amb el viatge a Roma. Van aterrar a l\u2019aeroport de Fiumicino i a la tarda van poder visitar la Piazza Spagna i la Fontana de Trevi.<br \/>\nL\u2019endem\u00e0 va ser un dia complet amb les&hellip;  <a href=\"https:\/\/agora.xtec.cat\/iesguinovarda\/portada\/roma-un-viatge-de-pel%c2%b7licula\/\" title=\"Read ROMA, UN VIATGE DE PEL\u00b7L\u00cdCULA\">Llegeix m\u00e9s\u00bb<\/a><\/p>\n","protected":false},"author":5,"featured_media":5914,"comment_status":"closed","ping_status":"closed","sticky":false,"template":"","format":"standard","meta":{"_bbp_topic_count":0,"_bbp_reply_count":0,"_bbp_total_topic_count":0,"_bbp_total_reply_count":0,"_bbp_voice_count":0,"_bbp_anonymous_reply_count":0,"_bbp_topic_count_hidden":0,"_bbp_reply_count_hidden":0,"_bbp_forum_subforum_count":0,"footnotes":""},"categories":[109,29,113,111],"tags":[],"class_list":["post-5913","post","type-post","status-publish","format-standard","has-post-thumbnail","hentry","category-batx-2","category-portada","category-smx-2","category-tapsd-2"],"post_mailing_queue_ids":[],"_links":{"self":[{"href":"https:\/\/agora.xtec.cat\/iesguinovarda\/wp-json\/wp\/v2\/posts\/5913","targetHints":{"allow":["GET"]}}],"collection":[{"href":"https:\/\/agora.xtec.cat\/iesguinovarda\/wp-json\/wp\/v2\/posts"}],"about":[{"href":"https:\/\/agora.xtec.cat\/iesguinovarda\/wp-json\/wp\/v2\/types\/post"}],"author":[{"embeddable":true,"href":"https:\/\/agora.xtec.cat\/iesguinovarda\/wp-json\/wp\/v2\/users\/5"}],"replies":[{"embeddable":true,"href":"https:\/\/agora.xtec.cat\/iesguinovarda\/wp-json\/wp\/v2\/comments?post=5913"}],"version-history":[{"count":1,"href":"https:\/\/agora.xtec.cat\/iesguinovarda\/wp-json\/wp\/v2\/posts\/5913\/revisions"}],"predecessor-version":[{"id":5915,"href":"https:\/\/agora.xtec.cat\/iesguinovarda\/wp-json\/wp\/v2\/posts\/5913\/revisions\/5915"}],"wp:featuredmedia":[{"embeddable":true,"href":"https:\/\/agora.xtec.cat\/iesguinovarda\/wp-json\/wp\/v2\/media\/5914"}],"wp:attachment":[{"href":"https:\/\/agora.xtec.cat\/iesguinovarda\/wp-json\/wp\/v2\/media?parent=5913"}],"wp:term":[{"taxonomy":"category","embeddable":true,"href":"https:\/\/agora.xtec.cat\/iesguinovarda\/wp-json\/wp\/v2\/categories?post=5913"},{"taxonomy":"post_tag","embeddable":true,"href":"https:\/\/agora.xtec.cat\/iesguinovarda\/wp-json\/wp\/v2\/tags?post=5913"}],"curies":[{"name":"wp","href":"https:\/\/api.w.org\/{rel}","templated":true}]}}