{"id":5904,"date":"2025-06-26T08:14:26","date_gmt":"2025-06-26T06:14:26","guid":{"rendered":"https:\/\/agora.xtec.cat\/iesguinovarda\/?p=5904"},"modified":"2025-06-26T08:14:26","modified_gmt":"2025-06-26T06:14:26","slug":"projecte-mascota-verda-cuidem-la-natura","status":"publish","type":"post","link":"https:\/\/agora.xtec.cat\/iesguinovarda\/general\/projecte-mascota-verda-cuidem-la-natura\/","title":{"rendered":"PROJECTE MASCOTA VERDA: CUIDEM LA NATURA"},"content":{"rendered":"<p>PROJECTE MASCOTA VERDA<\/p>\n<p>Aquest curs, l&#8217;Institut va posar en marxa una iniciativa molt especial de la m\u00e0 de la comissi\u00f3 Escola Verda: el projecte &#8220;Mascota Verda&#8221;, cuidem la natura. La proposta va ser senzilla per\u00f2 plena de significat: cada grup classe es va fer responsable de cuidar una planta Pothos (Epipremnum aureum) durant tot el curs escolar.<\/p>\n<p>M\u00e9s enll\u00e0 de tenir un toc de verd a les aules, aquest projecte va buscar fomentar valors fonamentals entre el nostre alumnat. Cuidar una planta implica responsabilitat, ja que dep\u00e8n de nosaltres que creixi sana i forta. Tamb\u00e9 ens ensenya la import\u00e0ncia de la const\u00e0ncia i la paci\u00e8ncia, ja que el seu desenvolupament \u00e9s un proc\u00e9s lent que requereix atenci\u00f3 di\u00e0ria. A m\u00e9s, ens connecta amb la natura i ens fa m\u00e9s conscients de la import\u00e0ncia de protegir el nostre entorn.<\/p>\n<p>Per finalitzar aquest projecte s\u2019han seleccionat les plantes m\u00e9s boniques i ben cuidades de tot l&#8217;institut. Les seves fotos s&#8217;exposaran a la nostra p\u00e0gina web, com a reconeixement a l&#8217;esfor\u00e7 i la dedicaci\u00f3 de les classes participants.<\/p>\n<p>Enhorabona a tots els grups per la implicaci\u00f3 en aquesta bonica iniciativa!<\/p>\n<p><a data-flickr-embed=\"true\" href=\"https:\/\/www.flickr.com\/photos\/insguinovarda\/albums\/72177720327118805\" title=\"Projecte Mascota Verda: Cuidem la natura juny 25\"><img loading=\"lazy\" decoding=\"async\" src=\"https:\/\/live.staticflickr.com\/65535\/54614611226_4b451e55a3.jpg\" width=\"640\" height=\"480\" alt=\"Projecte Mascota Verda: Cuidem la natura juny 25\"\/><\/a><script async src=\"\/\/embedr.flickr.com\/assets\/client-code.js\" charset=\"utf-8\"><\/script><\/p>\n","protected":false},"excerpt":{"rendered":"<p>PROJECTE MASCOTA VERDA<br \/>\nAquest curs, l&#8217;Institut va posar en marxa una iniciativa molt especial de la m\u00e0 de la comissi\u00f3 Escola Verda: el projecte &#8220;Mascota Verda&#8221;, cuidem la natura. La proposta va ser senzilla per\u00f2 plena de significat: cada grup classe es va fer responsable de&hellip;  <a href=\"https:\/\/agora.xtec.cat\/iesguinovarda\/general\/projecte-mascota-verda-cuidem-la-natura\/\" title=\"Read PROJECTE MASCOTA VERDA: CUIDEM LA NATURA\">Llegeix m\u00e9s\u00bb<\/a><\/p>\n","protected":false},"author":5,"featured_media":5905,"comment_status":"closed","ping_status":"closed","sticky":false,"template":"","format":"standard","meta":{"_bbp_topic_count":0,"_bbp_reply_count":0,"_bbp_total_topic_count":0,"_bbp_total_reply_count":0,"_bbp_voice_count":0,"_bbp_anonymous_reply_count":0,"_bbp_topic_count_hidden":0,"_bbp_reply_count_hidden":0,"_bbp_forum_subforum_count":0,"footnotes":""},"categories":[1,29],"tags":[],"class_list":["post-5904","post","type-post","status-publish","format-standard","has-post-thumbnail","hentry","category-general","category-portada"],"post_mailing_queue_ids":[],"_links":{"self":[{"href":"https:\/\/agora.xtec.cat\/iesguinovarda\/wp-json\/wp\/v2\/posts\/5904","targetHints":{"allow":["GET"]}}],"collection":[{"href":"https:\/\/agora.xtec.cat\/iesguinovarda\/wp-json\/wp\/v2\/posts"}],"about":[{"href":"https:\/\/agora.xtec.cat\/iesguinovarda\/wp-json\/wp\/v2\/types\/post"}],"author":[{"embeddable":true,"href":"https:\/\/agora.xtec.cat\/iesguinovarda\/wp-json\/wp\/v2\/users\/5"}],"replies":[{"embeddable":true,"href":"https:\/\/agora.xtec.cat\/iesguinovarda\/wp-json\/wp\/v2\/comments?post=5904"}],"version-history":[{"count":1,"href":"https:\/\/agora.xtec.cat\/iesguinovarda\/wp-json\/wp\/v2\/posts\/5904\/revisions"}],"predecessor-version":[{"id":5906,"href":"https:\/\/agora.xtec.cat\/iesguinovarda\/wp-json\/wp\/v2\/posts\/5904\/revisions\/5906"}],"wp:featuredmedia":[{"embeddable":true,"href":"https:\/\/agora.xtec.cat\/iesguinovarda\/wp-json\/wp\/v2\/media\/5905"}],"wp:attachment":[{"href":"https:\/\/agora.xtec.cat\/iesguinovarda\/wp-json\/wp\/v2\/media?parent=5904"}],"wp:term":[{"taxonomy":"category","embeddable":true,"href":"https:\/\/agora.xtec.cat\/iesguinovarda\/wp-json\/wp\/v2\/categories?post=5904"},{"taxonomy":"post_tag","embeddable":true,"href":"https:\/\/agora.xtec.cat\/iesguinovarda\/wp-json\/wp\/v2\/tags?post=5904"}],"curies":[{"name":"wp","href":"https:\/\/api.w.org\/{rel}","templated":true}]}}