{"id":5882,"date":"2025-06-17T07:36:51","date_gmt":"2025-06-17T05:36:51","guid":{"rendered":"https:\/\/agora.xtec.cat\/iesguinovarda\/?p=5882"},"modified":"2025-06-17T07:45:44","modified_gmt":"2025-06-17T05:45:44","slug":"acte-de-cloenda-dels-pfi","status":"publish","type":"post","link":"https:\/\/agora.xtec.cat\/iesguinovarda\/portada\/acte-de-cloenda-dels-pfi\/","title":{"rendered":"ACTE DE CLOENDA DELS PFI"},"content":{"rendered":"<p>Dilluns, 16 de juny, a la sala d\u2019actes del Foment va tenir lloc la cloenda dels Programes de Formaci\u00f3 i Inserci\u00f3 PTT-PFI Anoia Sud del curs 2024-2025.<br \/>\nAquest acte va voler ser un petit reconeixement a l\u2019alumnat amb la voluntat de felicitar-lo per la feina feta i encoratjar-lo a continuar formant-se en un futur immediat.<br \/>\nEls dos perfils de PFI que es van graduar van ser el de Comercialitzaci\u00f3 de Productes i Log\u00edstica i el  d\u2019Auxiliar de Vivers i Jardins. A m\u00e9s, alguns alumnes van rebre un diploma d\u2019excel\u00b7l\u00e8ncia pels resultats obtinguts.<br \/>\nL\u2019acte va comptar amb la pres\u00e8ncia i el recolzament de les fam\u00edlies, el professorat, la direcci\u00f3 de l\u2019institut i els Ajuntaments que participen en el programa.<\/p>\n<p><a data-flickr-embed=\"true\" href=\"https:\/\/www.flickr.com\/photos\/insguinovarda\/albums\/72177720326907276\" title=\"Cloenda PFI juny 25 (PFI)\"><img loading=\"lazy\" decoding=\"async\" src=\"https:\/\/live.staticflickr.com\/65535\/54595190953_3c61ee3da6_z.jpg\" width=\"640\" height=\"480\" alt=\"Cloenda PFI juny 25 (PFI)\"\/><\/a><script async src=\"\/\/embedr.flickr.com\/assets\/client-code.js\" charset=\"utf-8\"><\/script><\/p>\n","protected":false},"excerpt":{"rendered":"<p>Dilluns, 16 de juny, a la sala d\u2019actes del Foment va tenir lloc la cloenda dels Programes de Formaci\u00f3 i Inserci\u00f3 PTT-PFI Anoia Sud del curs 2024-2025.<br \/>\nAquest acte va voler ser un petit reconeixement a l\u2019alumnat amb la voluntat de felicitar-lo per la feina feta&hellip;  <a href=\"https:\/\/agora.xtec.cat\/iesguinovarda\/portada\/acte-de-cloenda-dels-pfi\/\" title=\"Read ACTE DE CLOENDA DELS PFI\">Llegeix m\u00e9s\u00bb<\/a><\/p>\n","protected":false},"author":5,"featured_media":5883,"comment_status":"closed","ping_status":"closed","sticky":false,"template":"","format":"standard","meta":{"_bbp_topic_count":0,"_bbp_reply_count":0,"_bbp_total_topic_count":0,"_bbp_total_reply_count":0,"_bbp_voice_count":0,"_bbp_anonymous_reply_count":0,"_bbp_topic_count_hidden":0,"_bbp_reply_count_hidden":0,"_bbp_forum_subforum_count":0,"footnotes":""},"categories":[132,29],"tags":[],"class_list":["post-5882","post","type-post","status-publish","format-standard","has-post-thumbnail","hentry","category-pfi-cicles-formatius","category-portada"],"post_mailing_queue_ids":[],"_links":{"self":[{"href":"https:\/\/agora.xtec.cat\/iesguinovarda\/wp-json\/wp\/v2\/posts\/5882","targetHints":{"allow":["GET"]}}],"collection":[{"href":"https:\/\/agora.xtec.cat\/iesguinovarda\/wp-json\/wp\/v2\/posts"}],"about":[{"href":"https:\/\/agora.xtec.cat\/iesguinovarda\/wp-json\/wp\/v2\/types\/post"}],"author":[{"embeddable":true,"href":"https:\/\/agora.xtec.cat\/iesguinovarda\/wp-json\/wp\/v2\/users\/5"}],"replies":[{"embeddable":true,"href":"https:\/\/agora.xtec.cat\/iesguinovarda\/wp-json\/wp\/v2\/comments?post=5882"}],"version-history":[{"count":3,"href":"https:\/\/agora.xtec.cat\/iesguinovarda\/wp-json\/wp\/v2\/posts\/5882\/revisions"}],"predecessor-version":[{"id":5886,"href":"https:\/\/agora.xtec.cat\/iesguinovarda\/wp-json\/wp\/v2\/posts\/5882\/revisions\/5886"}],"wp:featuredmedia":[{"embeddable":true,"href":"https:\/\/agora.xtec.cat\/iesguinovarda\/wp-json\/wp\/v2\/media\/5883"}],"wp:attachment":[{"href":"https:\/\/agora.xtec.cat\/iesguinovarda\/wp-json\/wp\/v2\/media?parent=5882"}],"wp:term":[{"taxonomy":"category","embeddable":true,"href":"https:\/\/agora.xtec.cat\/iesguinovarda\/wp-json\/wp\/v2\/categories?post=5882"},{"taxonomy":"post_tag","embeddable":true,"href":"https:\/\/agora.xtec.cat\/iesguinovarda\/wp-json\/wp\/v2\/tags?post=5882"}],"curies":[{"name":"wp","href":"https:\/\/api.w.org\/{rel}","templated":true}]}}