{"id":5870,"date":"2025-06-13T12:34:41","date_gmt":"2025-06-13T10:34:41","guid":{"rendered":"https:\/\/agora.xtec.cat\/iesguinovarda\/?p=5870"},"modified":"2025-07-02T12:44:30","modified_gmt":"2025-07-02T10:44:30","slug":"festes-de-promocio-curs-2024-2025","status":"publish","type":"post","link":"https:\/\/agora.xtec.cat\/iesguinovarda\/portada\/festes-de-promocio-curs-2024-2025\/","title":{"rendered":"FESTES DE PROMOCI\u00d3 CURS 2024-2025"},"content":{"rendered":"<p><img loading=\"lazy\" decoding=\"async\" class=\"alignnone size-medium wp-image-5875\" src=\"https:\/\/agora.xtec.cat\/iesguinovarda\/wp-content\/uploads\/usu579\/2025\/06\/diploma-de-graduacion-y-toga-1-255x300.jpg\" alt=\"\" width=\"255\" height=\"300\" srcset=\"https:\/\/agora.xtec.cat\/iesguinovarda\/wp-content\/uploads\/usu579\/2025\/06\/diploma-de-graduacion-y-toga-1-255x300.jpg 255w, https:\/\/agora.xtec.cat\/iesguinovarda\/wp-content\/uploads\/usu579\/2025\/06\/diploma-de-graduacion-y-toga-1-871x1024.jpg 871w, https:\/\/agora.xtec.cat\/iesguinovarda\/wp-content\/uploads\/usu579\/2025\/06\/diploma-de-graduacion-y-toga-1-768x903.jpg 768w, https:\/\/agora.xtec.cat\/iesguinovarda\/wp-content\/uploads\/usu579\/2025\/06\/diploma-de-graduacion-y-toga-1-1307x1536.jpg 1307w, https:\/\/agora.xtec.cat\/iesguinovarda\/wp-content\/uploads\/usu579\/2025\/06\/diploma-de-graduacion-y-toga-1-1742x2048.jpg 1742w\" sizes=\"auto, (max-width: 255px) 100vw, 255px\" \/><\/p>\n<p>Benvolgudes fam\u00edlies,<\/p>\n<p>Us informem que el proper <strong>26 DE JUNY<\/strong> tindr\u00e0 lloc la celebraci\u00f3 de les <strong>festes de promoci\u00f3<\/strong> d&#8217;aquest final de curs en l&#8217;horari seg\u00fcent:<\/p>\n<p style=\"padding-left: 40px;\"><strong>ESO i SCOM<\/strong>: de 16 a 17 h<\/p>\n<p style=\"padding-left: 40px;\"><strong>BATXILLERAT I CICLES FORMATIUS<\/strong>: de 18 a 19 h<\/p>\n<p><strong>LLOC<\/strong>: Teatre Foment de Piera. Aforament limitat. Acc\u00e9s amb l&#8217;entrada que pr\u00e8viament s&#8217;ha lliurat als alumnes.<\/p>\n","protected":false},"excerpt":{"rendered":"<p>Benvolgudes fam\u00edlies,<br \/>\nUs informem que el proper 26 DE JUNY tindr\u00e0 lloc la celebraci\u00f3 de les festes de promoci\u00f3 d&#8217;aquest final de curs en l&#8217;horari seg\u00fcent:<br \/>\nESO i SCOM: de 16 a 17 h<br \/>\nBATXILLERAT I CICLES FORMATIUS: de 18 a 19 h<br \/>\nLLOC: Teatre Foment de Piera. Aforament&hellip;  <a href=\"https:\/\/agora.xtec.cat\/iesguinovarda\/portada\/festes-de-promocio-curs-2024-2025\/\" title=\"Read FESTES DE PROMOCI\u00d3 CURS 2024-2025\">Llegeix m\u00e9s\u00bb<\/a><\/p>\n","protected":false},"author":3,"featured_media":5875,"comment_status":"closed","ping_status":"closed","sticky":false,"template":"","format":"standard","meta":{"_bbp_topic_count":0,"_bbp_reply_count":0,"_bbp_total_topic_count":0,"_bbp_total_reply_count":0,"_bbp_voice_count":0,"_bbp_anonymous_reply_count":0,"_bbp_topic_count_hidden":0,"_bbp_reply_count_hidden":0,"_bbp_forum_subforum_count":0,"footnotes":""},"categories":[29],"tags":[],"class_list":["post-5870","post","type-post","status-publish","format-standard","has-post-thumbnail","hentry","category-portada"],"post_mailing_queue_ids":[],"_links":{"self":[{"href":"https:\/\/agora.xtec.cat\/iesguinovarda\/wp-json\/wp\/v2\/posts\/5870","targetHints":{"allow":["GET"]}}],"collection":[{"href":"https:\/\/agora.xtec.cat\/iesguinovarda\/wp-json\/wp\/v2\/posts"}],"about":[{"href":"https:\/\/agora.xtec.cat\/iesguinovarda\/wp-json\/wp\/v2\/types\/post"}],"author":[{"embeddable":true,"href":"https:\/\/agora.xtec.cat\/iesguinovarda\/wp-json\/wp\/v2\/users\/3"}],"replies":[{"embeddable":true,"href":"https:\/\/agora.xtec.cat\/iesguinovarda\/wp-json\/wp\/v2\/comments?post=5870"}],"version-history":[{"count":6,"href":"https:\/\/agora.xtec.cat\/iesguinovarda\/wp-json\/wp\/v2\/posts\/5870\/revisions"}],"predecessor-version":[{"id":5878,"href":"https:\/\/agora.xtec.cat\/iesguinovarda\/wp-json\/wp\/v2\/posts\/5870\/revisions\/5878"}],"wp:featuredmedia":[{"embeddable":true,"href":"https:\/\/agora.xtec.cat\/iesguinovarda\/wp-json\/wp\/v2\/media\/5875"}],"wp:attachment":[{"href":"https:\/\/agora.xtec.cat\/iesguinovarda\/wp-json\/wp\/v2\/media?parent=5870"}],"wp:term":[{"taxonomy":"category","embeddable":true,"href":"https:\/\/agora.xtec.cat\/iesguinovarda\/wp-json\/wp\/v2\/categories?post=5870"},{"taxonomy":"post_tag","embeddable":true,"href":"https:\/\/agora.xtec.cat\/iesguinovarda\/wp-json\/wp\/v2\/tags?post=5870"}],"curies":[{"name":"wp","href":"https:\/\/api.w.org\/{rel}","templated":true}]}}